{"id":25748,"date":"2022-04-09T19:32:56","date_gmt":"2022-04-10T00:32:56","guid":{"rendered":"https:\/\/encuentroinformativo.com.mx\/?p=25748"},"modified":"2022-04-09T19:33:00","modified_gmt":"2022-04-10T00:33:00","slug":"de-un-infarto-fallece-ex-diputado-federal-rafael-acosta-croda","status":"publish","type":"post","link":"https:\/\/encuentroinformativo.com.mx\/?p=25748","title":{"rendered":"De un infarto fallece ex diputado federal Rafael Acosta Croda"},"content":{"rendered":"\n<p><strong>Alejandro \u00c1vila<\/strong><\/p>\n\n\n\n<p>Alvarado, Ver.- La tarde de este s\u00e1bado se confirm\u00f3 el deceso del exdiputado federal panista, Rafael Acosta Croda, en su domicilio ubicado en la localidad del Zapote en el municipio de Alvarado.<\/p>\n\n\n\n<p>Familiares del tambi\u00e9n empresario constructor confirmaron qu\u00e9 se trat\u00f3 de un infarto; al tiempo que dijeron hace algunos a\u00f1os hab\u00eda sido operado al respecto, pero el cuidado de su salud era m\u00ednimo.<\/p>\n\n\n\n<p>Rafael Acosta Croda, conocido como &#8220;El Loco&#8221;, se gradu\u00f3 de ingeniero industrial en el Instituto Tecnol\u00f3gico de Veracruz, y estudi\u00f3 la maestr\u00eda en el Tecnol\u00f3gico de Monterrey; adem\u00e1s, hizo posgrados en la Universidad de Massachusetts.<\/p>\n\n\n\n<p>Del 2013 al 2015 fue diputado federal por el distrito 12 de Veracruz en el Congreso de la Uni\u00f3n.<\/p>\n\n\n\n<p>Tambi\u00e9n fue candidato a la alcald\u00eda de Veracruz, misma que perdi\u00f3 ante el priista Ram\u00f3n Poo Gil.<\/p>\n\n\n\n<p>Acosta Croda tuvo el cargo de gerente general de la Casa de la Moneda en la Secretar\u00eda de Hacienda y Cr\u00e9dito P\u00fablico (SHCP).<\/p>\n","protected":false},"excerpt":{"rendered":"<p>Alejandro \u00c1vila Alvarado, Ver.- La tarde de este s\u00e1bado se confirm\u00f3 el deceso del exdiputado federal panista, Rafael Acosta Croda, en su domicilio ubicado en la localidad del Zapote en el municipio de Alvarado. Familiares del tambi\u00e9n empresario constructor confirmaron qu\u00e9 se trat\u00f3 de un infarto; al tiempo que dijeron hace algunos a\u00f1os hab\u00eda sido [&hellip;]<\/p>\n","protected":false},"author":1,"featured_media":25749,"comment_status":"open","ping_status":"open","sticky":false,"template":"","format":"standard","meta":{"_jetpack_memberships_contains_paid_content":false,"footnotes":""},"categories":[2],"tags":[],"class_list":["post-25748","post","type-post","status-publish","format-standard","has-post-thumbnail","hentry","category-estado"],"jetpack_featured_media_url":"https:\/\/encuentroinformativo.com.mx\/wp-content\/uploads\/2022\/04\/43E339E1-2C43-40CA-A31E-DA980A907DC6.jpeg","jetpack_sharing_enabled":true,"jetpack_likes_enabled":true,"amp_enabled":true,"_links":{"self":[{"href":"https:\/\/encuentroinformativo.com.mx\/index.php?rest_route=\/wp\/v2\/posts\/25748","targetHints":{"allow":["GET"]}}],"collection":[{"href":"https:\/\/encuentroinformativo.com.mx\/index.php?rest_route=\/wp\/v2\/posts"}],"about":[{"href":"https:\/\/encuentroinformativo.com.mx\/index.php?rest_route=\/wp\/v2\/types\/post"}],"author":[{"embeddable":true,"href":"https:\/\/encuentroinformativo.com.mx\/index.php?rest_route=\/wp\/v2\/users\/1"}],"replies":[{"embeddable":true,"href":"https:\/\/encuentroinformativo.com.mx\/index.php?rest_route=%2Fwp%2Fv2%2Fcomments&post=25748"}],"version-history":[{"count":1,"href":"https:\/\/encuentroinformativo.com.mx\/index.php?rest_route=\/wp\/v2\/posts\/25748\/revisions"}],"predecessor-version":[{"id":25750,"href":"https:\/\/encuentroinformativo.com.mx\/index.php?rest_route=\/wp\/v2\/posts\/25748\/revisions\/25750"}],"wp:featuredmedia":[{"embeddable":true,"href":"https:\/\/encuentroinformativo.com.mx\/index.php?rest_route=\/wp\/v2\/media\/25749"}],"wp:attachment":[{"href":"https:\/\/encuentroinformativo.com.mx\/index.php?rest_route=%2Fwp%2Fv2%2Fmedia&parent=25748"}],"wp:term":[{"taxonomy":"category","embeddable":true,"href":"https:\/\/encuentroinformativo.com.mx\/index.php?rest_route=%2Fwp%2Fv2%2Fcategories&post=25748"},{"taxonomy":"post_tag","embeddable":true,"href":"https:\/\/encuentroinformativo.com.mx\/index.php?rest_route=%2Fwp%2Fv2%2Ftags&post=25748"}],"curies":[{"name":"wp","href":"https:\/\/api.w.org\/{rel}","templated":true}]}}