{"id":25762,"date":"2022-04-10T14:19:09","date_gmt":"2022-04-10T19:19:09","guid":{"rendered":"https:\/\/encuentroinformativo.com.mx\/?p=25762"},"modified":"2022-04-10T14:19:19","modified_gmt":"2022-04-10T19:19:19","slug":"acude-gobernador-a-emitir-su-voto-en-consulta-de-revocacion","status":"publish","type":"post","link":"https:\/\/encuentroinformativo.com.mx\/?p=25762","title":{"rendered":"Acude Gobernador a emitir su voto en Consulta de Revocaci\u00f3n"},"content":{"rendered":"\n<p>Xalapa, Ver.- El gobernador Cuitl\u00e1huac Garc\u00eda Jim\u00e9nez acudi\u00f3 a la primaria Progreso para emitir su voto para la Consulta de Revocaci\u00f3n de Mandato, en entrevista calific\u00f3 como un hecho hist\u00f3rico que se realice esta jornada de elecci\u00f3n.<\/p>\n","protected":false},"excerpt":{"rendered":"<p>Xalapa, Ver.- El gobernador Cuitl\u00e1huac Garc\u00eda Jim\u00e9nez acudi\u00f3 a la primaria Progreso para emitir su voto para la Consulta de Revocaci\u00f3n de Mandato, en entrevista calific\u00f3 como un hecho hist\u00f3rico que se realice esta jornada de elecci\u00f3n.<\/p>\n","protected":false},"author":1,"featured_media":25763,"comment_status":"open","ping_status":"open","sticky":false,"template":"","format":"standard","meta":{"_jetpack_memberships_contains_paid_content":false,"footnotes":""},"categories":[2],"tags":[],"class_list":["post-25762","post","type-post","status-publish","format-standard","has-post-thumbnail","hentry","category-estado"],"jetpack_featured_media_url":"https:\/\/encuentroinformativo.com.mx\/wp-content\/uploads\/2022\/04\/405F2F88-FB11-475E-9C04-9C8B0F88FE8A.jpeg","jetpack_sharing_enabled":true,"jetpack_likes_enabled":true,"amp_enabled":true,"_links":{"self":[{"href":"https:\/\/encuentroinformativo.com.mx\/index.php?rest_route=\/wp\/v2\/posts\/25762","targetHints":{"allow":["GET"]}}],"collection":[{"href":"https:\/\/encuentroinformativo.com.mx\/index.php?rest_route=\/wp\/v2\/posts"}],"about":[{"href":"https:\/\/encuentroinformativo.com.mx\/index.php?rest_route=\/wp\/v2\/types\/post"}],"author":[{"embeddable":true,"href":"https:\/\/encuentroinformativo.com.mx\/index.php?rest_route=\/wp\/v2\/users\/1"}],"replies":[{"embeddable":true,"href":"https:\/\/encuentroinformativo.com.mx\/index.php?rest_route=%2Fwp%2Fv2%2Fcomments&post=25762"}],"version-history":[{"count":1,"href":"https:\/\/encuentroinformativo.com.mx\/index.php?rest_route=\/wp\/v2\/posts\/25762\/revisions"}],"predecessor-version":[{"id":25764,"href":"https:\/\/encuentroinformativo.com.mx\/index.php?rest_route=\/wp\/v2\/posts\/25762\/revisions\/25764"}],"wp:featuredmedia":[{"embeddable":true,"href":"https:\/\/encuentroinformativo.com.mx\/index.php?rest_route=\/wp\/v2\/media\/25763"}],"wp:attachment":[{"href":"https:\/\/encuentroinformativo.com.mx\/index.php?rest_route=%2Fwp%2Fv2%2Fmedia&parent=25762"}],"wp:term":[{"taxonomy":"category","embeddable":true,"href":"https:\/\/encuentroinformativo.com.mx\/index.php?rest_route=%2Fwp%2Fv2%2Fcategories&post=25762"},{"taxonomy":"post_tag","embeddable":true,"href":"https:\/\/encuentroinformativo.com.mx\/index.php?rest_route=%2Fwp%2Fv2%2Ftags&post=25762"}],"curies":[{"name":"wp","href":"https:\/\/api.w.org\/{rel}","templated":true}]}}