{"id":25765,"date":"2022-04-10T14:25:53","date_gmt":"2022-04-10T19:25:53","guid":{"rendered":"https:\/\/encuentroinformativo.com.mx\/?p=25765"},"modified":"2022-04-10T14:25:56","modified_gmt":"2022-04-10T19:25:56","slug":"celebra-iglesia-domingo-de-ramos","status":"publish","type":"post","link":"https:\/\/encuentroinformativo.com.mx\/?p=25765","title":{"rendered":"Celebra Iglesia Domingo de Ramos"},"content":{"rendered":"\n<p>Xalapa, Ver.- El Arzobispo Jorge Carlos Patr\u00f3n Wong previ\u00f3 a la homil\u00eda este Domingo de Ramos, sali\u00f3 de Catedral para realizar la bendici\u00f3n de palmas dando as\u00ed el inicio de la Semana Santa que conmemora la pasi\u00f3n, crucifixi\u00f3n, muerte y resurrecci\u00f3n de Cristo.<\/p>\n\n\n\n<p>Feligreses acudieron para recibir la bendici\u00f3n de sus ramos. <\/p>\n\n\n\n<figure class=\"wp-block-image size-large\"><img loading=\"lazy\" decoding=\"async\" width=\"683\" height=\"1024\" src=\"https:\/\/encuentroinformativo.com.mx\/wp-content\/uploads\/2022\/04\/1BD5D884-8FAD-4566-B389-021FB5CCBEA6-683x1024.jpeg\" alt=\"\" class=\"wp-image-25767\" srcset=\"https:\/\/encuentroinformativo.com.mx\/wp-content\/uploads\/2022\/04\/1BD5D884-8FAD-4566-B389-021FB5CCBEA6-683x1024.jpeg 683w, https:\/\/encuentroinformativo.com.mx\/wp-content\/uploads\/2022\/04\/1BD5D884-8FAD-4566-B389-021FB5CCBEA6-200x300.jpeg 200w, https:\/\/encuentroinformativo.com.mx\/wp-content\/uploads\/2022\/04\/1BD5D884-8FAD-4566-B389-021FB5CCBEA6-768x1152.jpeg 768w, https:\/\/encuentroinformativo.com.mx\/wp-content\/uploads\/2022\/04\/1BD5D884-8FAD-4566-B389-021FB5CCBEA6-1024x1536.jpeg 1024w, https:\/\/encuentroinformativo.com.mx\/wp-content\/uploads\/2022\/04\/1BD5D884-8FAD-4566-B389-021FB5CCBEA6.jpeg 1066w\" sizes=\"auto, (max-width: 683px) 100vw, 683px\" \/><\/figure>\n\n\n\n<figure class=\"wp-block-image size-large\"><img loading=\"lazy\" decoding=\"async\" width=\"1024\" height=\"683\" src=\"https:\/\/encuentroinformativo.com.mx\/wp-content\/uploads\/2022\/04\/C55F8282-53E1-4190-939B-BBFFB12A11B6-1024x683.jpeg\" alt=\"\" class=\"wp-image-25768\" srcset=\"https:\/\/encuentroinformativo.com.mx\/wp-content\/uploads\/2022\/04\/C55F8282-53E1-4190-939B-BBFFB12A11B6-1024x683.jpeg 1024w, https:\/\/encuentroinformativo.com.mx\/wp-content\/uploads\/2022\/04\/C55F8282-53E1-4190-939B-BBFFB12A11B6-300x200.jpeg 300w, https:\/\/encuentroinformativo.com.mx\/wp-content\/uploads\/2022\/04\/C55F8282-53E1-4190-939B-BBFFB12A11B6-768x512.jpeg 768w, https:\/\/encuentroinformativo.com.mx\/wp-content\/uploads\/2022\/04\/C55F8282-53E1-4190-939B-BBFFB12A11B6-1536x1024.jpeg 1536w, https:\/\/encuentroinformativo.com.mx\/wp-content\/uploads\/2022\/04\/C55F8282-53E1-4190-939B-BBFFB12A11B6.jpeg 1600w\" sizes=\"auto, (max-width: 1024px) 100vw, 1024px\" \/><\/figure>\n","protected":false},"excerpt":{"rendered":"<p>Xalapa, Ver.- El Arzobispo Jorge Carlos Patr\u00f3n Wong previ\u00f3 a la homil\u00eda este Domingo de Ramos, sali\u00f3 de Catedral para realizar la bendici\u00f3n de palmas dando as\u00ed el inicio de la Semana Santa que conmemora la pasi\u00f3n, crucifixi\u00f3n, muerte y resurrecci\u00f3n de Cristo. Feligreses acudieron para recibir la bendici\u00f3n de sus ramos.<\/p>\n","protected":false},"author":1,"featured_media":25766,"comment_status":"open","ping_status":"open","sticky":false,"template":"","format":"standard","meta":{"_jetpack_memberships_contains_paid_content":false,"footnotes":""},"categories":[3],"tags":[],"class_list":["post-25765","post","type-post","status-publish","format-standard","has-post-thumbnail","hentry","category-xalapa"],"jetpack_featured_media_url":"https:\/\/encuentroinformativo.com.mx\/wp-content\/uploads\/2022\/04\/4FCC37F7-71F8-41BB-87B9-43B6FD022EA8.jpeg","jetpack_sharing_enabled":true,"jetpack_likes_enabled":true,"amp_enabled":true,"_links":{"self":[{"href":"https:\/\/encuentroinformativo.com.mx\/index.php?rest_route=\/wp\/v2\/posts\/25765","targetHints":{"allow":["GET"]}}],"collection":[{"href":"https:\/\/encuentroinformativo.com.mx\/index.php?rest_route=\/wp\/v2\/posts"}],"about":[{"href":"https:\/\/encuentroinformativo.com.mx\/index.php?rest_route=\/wp\/v2\/types\/post"}],"author":[{"embeddable":true,"href":"https:\/\/encuentroinformativo.com.mx\/index.php?rest_route=\/wp\/v2\/users\/1"}],"replies":[{"embeddable":true,"href":"https:\/\/encuentroinformativo.com.mx\/index.php?rest_route=%2Fwp%2Fv2%2Fcomments&post=25765"}],"version-history":[{"count":1,"href":"https:\/\/encuentroinformativo.com.mx\/index.php?rest_route=\/wp\/v2\/posts\/25765\/revisions"}],"predecessor-version":[{"id":25769,"href":"https:\/\/encuentroinformativo.com.mx\/index.php?rest_route=\/wp\/v2\/posts\/25765\/revisions\/25769"}],"wp:featuredmedia":[{"embeddable":true,"href":"https:\/\/encuentroinformativo.com.mx\/index.php?rest_route=\/wp\/v2\/media\/25766"}],"wp:attachment":[{"href":"https:\/\/encuentroinformativo.com.mx\/index.php?rest_route=%2Fwp%2Fv2%2Fmedia&parent=25765"}],"wp:term":[{"taxonomy":"category","embeddable":true,"href":"https:\/\/encuentroinformativo.com.mx\/index.php?rest_route=%2Fwp%2Fv2%2Fcategories&post=25765"},{"taxonomy":"post_tag","embeddable":true,"href":"https:\/\/encuentroinformativo.com.mx\/index.php?rest_route=%2Fwp%2Fv2%2Ftags&post=25765"}],"curies":[{"name":"wp","href":"https:\/\/api.w.org\/{rel}","templated":true}]}}