{"id":25770,"date":"2022-04-10T16:16:13","date_gmt":"2022-04-10T21:16:13","guid":{"rendered":"https:\/\/encuentroinformativo.com.mx\/?p=25770"},"modified":"2022-04-10T16:16:16","modified_gmt":"2022-04-10T21:16:16","slug":"ante-hechos-violentos-niegan-ola-de-terror-en-coatzacoalcos","status":"publish","type":"post","link":"https:\/\/encuentroinformativo.com.mx\/?p=25770","title":{"rendered":"Ante hechos violentos, niegan ola de terror en Coatzacoalcos"},"content":{"rendered":"\n<p><strong>Dar\u00edo Pale <\/strong><\/p>\n\n\n\n<p>Xalapa, Ver.- Falso que el &#8220;terror&#8221; llegue nuevamente a Coatzacoalcos, esto por los hechos que se registraron el d\u00eda de hoy, as\u00ed lo dio a conocer el gobernador del estado Cuitl\u00e1huac Garc\u00eda Jim\u00e9nez.<\/p>\n\n\n\n<p>Entrevistado previo a emitir su opini\u00f3n sobre la revocaci\u00f3n del mandato, el ejecutivo dio a conocer que la Fiscal\u00eda General del Estado (FGE), atender\u00e1 dicha situaci\u00f3n, esto no quiere decir que el &#8220;terror&#8221; se haya apoderado nuevamente de Coatzacoalcos.<\/p>\n\n\n\n<p>De acuerdo a los primeros reportes, fue hallado el cuerpo de una persona descuartizado en las calles de la Colonia Santa Isabel Tercera Etapa de aquel municipio del sur de Veracruz, adem\u00e1s de que, sobre los restos humanos fue dejado una narcomensaje.<\/p>\n\n\n\n<p>En otro orden de ideas en lo que se refiere a la consulta, el gobernador Cuitl\u00e1huac Garc\u00eda Jim\u00e9nez expres\u00f3 que hoy es un d\u00eda hist\u00f3rico al ejercer la ciudadan\u00eda su opini\u00f3n por la revocaci\u00f3n de mandato.<\/p>\n\n\n\n<p>Finalmente se\u00f1al\u00f3: \u201cUn ejercicio democr\u00e1tico in\u00e9dito en la vida pol\u00edtica y democr\u00e1tica del Pa\u00eds, es un logro popular de tener este mecanismo de Revocaci\u00f3n de Mandato. Decirles que Zapata Vive, la lucha sigue&#8221;.<\/p>\n","protected":false},"excerpt":{"rendered":"<p>Dar\u00edo Pale Xalapa, Ver.- Falso que el &#8220;terror&#8221; llegue nuevamente a Coatzacoalcos, esto por los hechos que se registraron el d\u00eda de hoy, as\u00ed lo dio a conocer el gobernador del estado Cuitl\u00e1huac Garc\u00eda Jim\u00e9nez. Entrevistado previo a emitir su opini\u00f3n sobre la revocaci\u00f3n del mandato, el ejecutivo dio a conocer que la Fiscal\u00eda General [&hellip;]<\/p>\n","protected":false},"author":1,"featured_media":25771,"comment_status":"open","ping_status":"open","sticky":false,"template":"","format":"standard","meta":{"_jetpack_memberships_contains_paid_content":false,"footnotes":""},"categories":[2],"tags":[],"class_list":["post-25770","post","type-post","status-publish","format-standard","has-post-thumbnail","hentry","category-estado"],"jetpack_featured_media_url":"https:\/\/encuentroinformativo.com.mx\/wp-content\/uploads\/2022\/04\/7C55AD0B-E24D-40F7-A963-985F6B414F28.jpeg","jetpack_sharing_enabled":true,"jetpack_likes_enabled":true,"amp_enabled":true,"_links":{"self":[{"href":"https:\/\/encuentroinformativo.com.mx\/index.php?rest_route=\/wp\/v2\/posts\/25770","targetHints":{"allow":["GET"]}}],"collection":[{"href":"https:\/\/encuentroinformativo.com.mx\/index.php?rest_route=\/wp\/v2\/posts"}],"about":[{"href":"https:\/\/encuentroinformativo.com.mx\/index.php?rest_route=\/wp\/v2\/types\/post"}],"author":[{"embeddable":true,"href":"https:\/\/encuentroinformativo.com.mx\/index.php?rest_route=\/wp\/v2\/users\/1"}],"replies":[{"embeddable":true,"href":"https:\/\/encuentroinformativo.com.mx\/index.php?rest_route=%2Fwp%2Fv2%2Fcomments&post=25770"}],"version-history":[{"count":1,"href":"https:\/\/encuentroinformativo.com.mx\/index.php?rest_route=\/wp\/v2\/posts\/25770\/revisions"}],"predecessor-version":[{"id":25772,"href":"https:\/\/encuentroinformativo.com.mx\/index.php?rest_route=\/wp\/v2\/posts\/25770\/revisions\/25772"}],"wp:featuredmedia":[{"embeddable":true,"href":"https:\/\/encuentroinformativo.com.mx\/index.php?rest_route=\/wp\/v2\/media\/25771"}],"wp:attachment":[{"href":"https:\/\/encuentroinformativo.com.mx\/index.php?rest_route=%2Fwp%2Fv2%2Fmedia&parent=25770"}],"wp:term":[{"taxonomy":"category","embeddable":true,"href":"https:\/\/encuentroinformativo.com.mx\/index.php?rest_route=%2Fwp%2Fv2%2Fcategories&post=25770"},{"taxonomy":"post_tag","embeddable":true,"href":"https:\/\/encuentroinformativo.com.mx\/index.php?rest_route=%2Fwp%2Fv2%2Ftags&post=25770"}],"curies":[{"name":"wp","href":"https:\/\/api.w.org\/{rel}","templated":true}]}}