{"id":25779,"date":"2022-04-11T11:29:35","date_gmt":"2022-04-11T16:29:35","guid":{"rendered":"https:\/\/encuentroinformativo.com.mx\/?p=25779"},"modified":"2022-04-11T12:57:40","modified_gmt":"2022-04-11T17:57:40","slug":"denuncia-ecologista-universal-operacion-de-minas-inicia-tradicional-viacrusis","status":"publish","type":"post","link":"https:\/\/encuentroinformativo.com.mx\/?p=25779","title":{"rendered":"Denuncia Ecologista Universal operaci\u00f3n de minas; inicia tradicional viacrusis"},"content":{"rendered":"\n<p><strong>Dar\u00edo Pale<\/strong><\/p>\n\n\n\n<p>Xalapa, Ver.- El Ecologista Universal inici\u00f3 su Viacrusis numero 37 rumbo a Laguna Verde como cada a\u00f1o lo realiza, en esta ocasi\u00f3n tambi\u00e9n est\u00e1 denunciando la situaci\u00f3n de las Minas que se est\u00e1n instalando en el estado.<\/p>\n\n\n\n<p>Entrevistado previo al inicio de su viacrusis se\u00f1al\u00f3 que en esta ocasi\u00f3n no s\u00f3lo es en contra de la Nucleoel\u00e9ctrica de Laguna Verde si no tambi\u00e9n en contra de las minas que se est\u00e1n instalando en el estado como son Caballo Blanco, el Cerro de la Paila, en Actopan, la del Cobre.<\/p>\n\n\n\n<p>&#8220;Estamos denunciando la situaci\u00f3n de las minas en la zona. Son Caballo Blanco, el Cerro de la Paila, en Actopan, la del cobre. Es una destrucci\u00f3n total en aquella zona, para muestra un bot\u00f3n, la laguna del Farrall\u00f3n ya ni existe, los manglares de la zona est\u00e1n tambi\u00e9n depredados. El agua que han extra\u00eddo ah\u00ed para hacer producir las tierras de alguna manera es muestra de que han acabado con la fauna silvestre&#8221;, se\u00f1al\u00f3.<\/p>\n\n\n\n<p>Lament\u00f3 que hay o\u00eddos sordos a lo que representa la planta nuclear ya que es &#8220;un barril sin fondo&#8221;, ya que le han destinados millones de d\u00f3lares ya que esta depende del uranio enriquecido.<\/p>\n\n\n\n<p>Coment\u00f3 que hasta el momento el presidente de M\u00e9xico Andr\u00e9s Manuel L\u00f3pez Obrador tiene el compromiso pol\u00edtico, moral y social de decir en qu\u00e9 condiciones se encuentra trabajando la planta nuclear ya que no se puede seguir viviendo bajo la so sobra de un accidente.<\/p>\n\n\n\n<p>Cabe recordar que durante 37 a\u00f1os, El Ecologista Universal camina con un cruz a cuestas desde Xalapa hasta la planta nuclear Laguna Verde, de esta forma protesta contra el uso de la energ\u00eda nuclear y advierte sobre el riesgo de la operaci\u00f3n de dicha nucleoel\u00e9ctrica.<\/p>\n\n\n\n<p>Record\u00f3 que se encuentra en una zona s\u00edsmica y cerca del Volc\u00e1ncillo y ahora con la explotaci\u00f3n de las minas las vibraciones le afectan.<\/p>\n\n\n\n<p>Este lunes, luego de recibir la bendici\u00f3n de la cruz en la Catedral Metropolitana de Xalapa inici\u00f3 su recorrido a pie acompa\u00f1ado de otros activistas que pugnan por el cuidado ambiental.<\/p>\n\n\n\n<p>El activista Pedro Jos\u00e9 Bravo Mart\u00ednez agreg\u00f3 que ni se debe creer que las energ\u00edas nucleares son limpias como lo aseguran las autoridades federales.<\/p>\n\n\n\n<p>Finalmente es de se\u00f1alar que el viacrucis del Ecologista Universal es una protesta que ha sido documentada por la persistencia que ha mantenido el activista.<\/p>\n\n\n\n<figure class=\"wp-block-image size-large\"><img loading=\"lazy\" decoding=\"async\" width=\"683\" height=\"1024\" src=\"https:\/\/encuentroinformativo.com.mx\/wp-content\/uploads\/2022\/04\/4090110B-257E-4CB8-B41F-EBF16FC4F9B5-683x1024.jpeg\" alt=\"\" class=\"wp-image-25792\" srcset=\"https:\/\/encuentroinformativo.com.mx\/wp-content\/uploads\/2022\/04\/4090110B-257E-4CB8-B41F-EBF16FC4F9B5-683x1024.jpeg 683w, https:\/\/encuentroinformativo.com.mx\/wp-content\/uploads\/2022\/04\/4090110B-257E-4CB8-B41F-EBF16FC4F9B5-200x300.jpeg 200w, https:\/\/encuentroinformativo.com.mx\/wp-content\/uploads\/2022\/04\/4090110B-257E-4CB8-B41F-EBF16FC4F9B5-768x1152.jpeg 768w, https:\/\/encuentroinformativo.com.mx\/wp-content\/uploads\/2022\/04\/4090110B-257E-4CB8-B41F-EBF16FC4F9B5-1024x1536.jpeg 1024w, https:\/\/encuentroinformativo.com.mx\/wp-content\/uploads\/2022\/04\/4090110B-257E-4CB8-B41F-EBF16FC4F9B5.jpeg 1066w\" sizes=\"auto, (max-width: 683px) 100vw, 683px\" \/><\/figure>\n\n\n\n<figure class=\"wp-block-image size-large\"><img loading=\"lazy\" decoding=\"async\" width=\"1024\" height=\"801\" src=\"https:\/\/encuentroinformativo.com.mx\/wp-content\/uploads\/2022\/04\/3803B971-6310-4371-A773-ED4B3E7BF648-1024x801.jpeg\" alt=\"\" class=\"wp-image-25780\" srcset=\"https:\/\/encuentroinformativo.com.mx\/wp-content\/uploads\/2022\/04\/3803B971-6310-4371-A773-ED4B3E7BF648-1024x801.jpeg 1024w, https:\/\/encuentroinformativo.com.mx\/wp-content\/uploads\/2022\/04\/3803B971-6310-4371-A773-ED4B3E7BF648-300x235.jpeg 300w, https:\/\/encuentroinformativo.com.mx\/wp-content\/uploads\/2022\/04\/3803B971-6310-4371-A773-ED4B3E7BF648-768x600.jpeg 768w, https:\/\/encuentroinformativo.com.mx\/wp-content\/uploads\/2022\/04\/3803B971-6310-4371-A773-ED4B3E7BF648.jpeg 1448w\" sizes=\"auto, (max-width: 1024px) 100vw, 1024px\" \/><\/figure>\n","protected":false},"excerpt":{"rendered":"<p>Dar\u00edo Pale Xalapa, Ver.- El Ecologista Universal inici\u00f3 su Viacrusis numero 37 rumbo a Laguna Verde como cada a\u00f1o lo realiza, en esta ocasi\u00f3n tambi\u00e9n est\u00e1 denunciando la situaci\u00f3n de las Minas que se est\u00e1n instalando en el estado. Entrevistado previo al inicio de su viacrusis se\u00f1al\u00f3 que en esta ocasi\u00f3n no s\u00f3lo es en [&hellip;]<\/p>\n","protected":false},"author":1,"featured_media":25793,"comment_status":"open","ping_status":"open","sticky":false,"template":"","format":"standard","meta":{"_jetpack_memberships_contains_paid_content":false,"footnotes":""},"categories":[3],"tags":[],"class_list":["post-25779","post","type-post","status-publish","format-standard","has-post-thumbnail","hentry","category-xalapa"],"jetpack_featured_media_url":"https:\/\/encuentroinformativo.com.mx\/wp-content\/uploads\/2022\/04\/A679A84A-DAED-467F-81D4-E19C3CEF5BD7.jpeg","jetpack_sharing_enabled":true,"jetpack_likes_enabled":true,"amp_enabled":true,"_links":{"self":[{"href":"https:\/\/encuentroinformativo.com.mx\/index.php?rest_route=\/wp\/v2\/posts\/25779","targetHints":{"allow":["GET"]}}],"collection":[{"href":"https:\/\/encuentroinformativo.com.mx\/index.php?rest_route=\/wp\/v2\/posts"}],"about":[{"href":"https:\/\/encuentroinformativo.com.mx\/index.php?rest_route=\/wp\/v2\/types\/post"}],"author":[{"embeddable":true,"href":"https:\/\/encuentroinformativo.com.mx\/index.php?rest_route=\/wp\/v2\/users\/1"}],"replies":[{"embeddable":true,"href":"https:\/\/encuentroinformativo.com.mx\/index.php?rest_route=%2Fwp%2Fv2%2Fcomments&post=25779"}],"version-history":[{"count":2,"href":"https:\/\/encuentroinformativo.com.mx\/index.php?rest_route=\/wp\/v2\/posts\/25779\/revisions"}],"predecessor-version":[{"id":25794,"href":"https:\/\/encuentroinformativo.com.mx\/index.php?rest_route=\/wp\/v2\/posts\/25779\/revisions\/25794"}],"wp:featuredmedia":[{"embeddable":true,"href":"https:\/\/encuentroinformativo.com.mx\/index.php?rest_route=\/wp\/v2\/media\/25793"}],"wp:attachment":[{"href":"https:\/\/encuentroinformativo.com.mx\/index.php?rest_route=%2Fwp%2Fv2%2Fmedia&parent=25779"}],"wp:term":[{"taxonomy":"category","embeddable":true,"href":"https:\/\/encuentroinformativo.com.mx\/index.php?rest_route=%2Fwp%2Fv2%2Fcategories&post=25779"},{"taxonomy":"post_tag","embeddable":true,"href":"https:\/\/encuentroinformativo.com.mx\/index.php?rest_route=%2Fwp%2Fv2%2Ftags&post=25779"}],"curies":[{"name":"wp","href":"https:\/\/api.w.org\/{rel}","templated":true}]}}