{"id":25782,"date":"2022-04-11T12:10:26","date_gmt":"2022-04-11T17:10:26","guid":{"rendered":"https:\/\/encuentroinformativo.com.mx\/?p=25782"},"modified":"2022-04-11T12:10:30","modified_gmt":"2022-04-11T17:10:30","slug":"realizaran-segundo-festival-de-cerveza-artesanal","status":"publish","type":"post","link":"https:\/\/encuentroinformativo.com.mx\/?p=25782","title":{"rendered":"Realizar\u00e1n segundo festival de Cerveza Artesanal"},"content":{"rendered":"\n<p><strong>Dar\u00edo Pale <\/strong><\/p>\n\n\n\n<p>Xalapa, Ver.- Invitan a la ciudadan\u00eda a la segunda edici\u00f3n del Festival de la Cerveza Artesanal 2022, el cual se llevar\u00e1 a cabo los d\u00edas 16 y 17 de abril en el municipio de Coatepec, es para apoyar a los artesanos ya que la pandemia los golpeo fuerte.<\/p>\n\n\n\n<p>En conferencia de prensa el promotor de turismo y del festival, Max Barrera se\u00f1al\u00f3 que, en esta ocasi\u00f3n habr\u00e1 aproximadamente 10 expositores de Xalapa, Coatepec y Perote.<\/p>\n\n\n\n<p>Dicho evento ser\u00e1 en la calle Melchor Ocampo n\u00famero 25 B, a media cuadra del parque central de las 11 de la ma\u00f1ana a las 9 de la noche.<\/p>\n\n\n\n<p>&#8220;Hay que aprender c\u00f3mo degustar esa cerveza, c\u00f3mo encontrar esas notas que debe tener una cerveza artesanal&#8221;, se\u00f1al\u00f3.<\/p>\n\n\n\n<p>Dio a conocer que debido a la pandemia dejaron de producir algunas cervezas, pero tambi\u00e9n surgieron nuevas, aunque si bien no se existe una cultura cervecera por este tipo de producto artesanal, la invitaci\u00f3n es que se acerquen m\u00e1s, pues se pueden hacer maridajes con vino y distintos alimentos.<\/p>\n\n\n\n<p>&#8220;En Xalapa es un camino que se va abriendo desde hace algunos a\u00f1os, ahorita la pandemia fue un golpe duro para los cerveceros, muchos compa\u00f1eros se retiraron del mercado, muchos otros empezaron ahorita, es ir picando piedra&#8221;, coment\u00f3.<\/p>\n\n\n\n<p>Finalmente coment\u00f3 que as\u00ed como se estar\u00e1 realizando en Coatepec, tambi\u00e9n buscar\u00e1n que se celebre en otros municipios como Naolinco para dar a conocer en el Estado que hay muchas zonas donde se produce la cerveza artesanal de gran calidad.<\/p>\n","protected":false},"excerpt":{"rendered":"<p>Dar\u00edo Pale Xalapa, Ver.- Invitan a la ciudadan\u00eda a la segunda edici\u00f3n del Festival de la Cerveza Artesanal 2022, el cual se llevar\u00e1 a cabo los d\u00edas 16 y 17 de abril en el municipio de Coatepec, es para apoyar a los artesanos ya que la pandemia los golpeo fuerte. En conferencia de prensa el [&hellip;]<\/p>\n","protected":false},"author":1,"featured_media":25783,"comment_status":"open","ping_status":"open","sticky":false,"template":"","format":"standard","meta":{"_jetpack_memberships_contains_paid_content":false,"footnotes":""},"categories":[8],"tags":[],"class_list":["post-25782","post","type-post","status-publish","format-standard","has-post-thumbnail","hentry","category-region"],"jetpack_featured_media_url":"https:\/\/encuentroinformativo.com.mx\/wp-content\/uploads\/2022\/04\/6B928DEF-55D7-49F1-9FDA-46BC82980D48.jpeg","jetpack_sharing_enabled":true,"jetpack_likes_enabled":true,"amp_enabled":true,"_links":{"self":[{"href":"https:\/\/encuentroinformativo.com.mx\/index.php?rest_route=\/wp\/v2\/posts\/25782","targetHints":{"allow":["GET"]}}],"collection":[{"href":"https:\/\/encuentroinformativo.com.mx\/index.php?rest_route=\/wp\/v2\/posts"}],"about":[{"href":"https:\/\/encuentroinformativo.com.mx\/index.php?rest_route=\/wp\/v2\/types\/post"}],"author":[{"embeddable":true,"href":"https:\/\/encuentroinformativo.com.mx\/index.php?rest_route=\/wp\/v2\/users\/1"}],"replies":[{"embeddable":true,"href":"https:\/\/encuentroinformativo.com.mx\/index.php?rest_route=%2Fwp%2Fv2%2Fcomments&post=25782"}],"version-history":[{"count":1,"href":"https:\/\/encuentroinformativo.com.mx\/index.php?rest_route=\/wp\/v2\/posts\/25782\/revisions"}],"predecessor-version":[{"id":25784,"href":"https:\/\/encuentroinformativo.com.mx\/index.php?rest_route=\/wp\/v2\/posts\/25782\/revisions\/25784"}],"wp:featuredmedia":[{"embeddable":true,"href":"https:\/\/encuentroinformativo.com.mx\/index.php?rest_route=\/wp\/v2\/media\/25783"}],"wp:attachment":[{"href":"https:\/\/encuentroinformativo.com.mx\/index.php?rest_route=%2Fwp%2Fv2%2Fmedia&parent=25782"}],"wp:term":[{"taxonomy":"category","embeddable":true,"href":"https:\/\/encuentroinformativo.com.mx\/index.php?rest_route=%2Fwp%2Fv2%2Fcategories&post=25782"},{"taxonomy":"post_tag","embeddable":true,"href":"https:\/\/encuentroinformativo.com.mx\/index.php?rest_route=%2Fwp%2Fv2%2Ftags&post=25782"}],"curies":[{"name":"wp","href":"https:\/\/api.w.org\/{rel}","templated":true}]}}