{"id":25788,"date":"2022-04-11T12:35:45","date_gmt":"2022-04-11T17:35:45","guid":{"rendered":"https:\/\/encuentroinformativo.com.mx\/?p=25788"},"modified":"2022-04-11T12:35:49","modified_gmt":"2022-04-11T17:35:49","slug":"abren-al-publico-zoologico-miguel-angel-de-quevedo","status":"publish","type":"post","link":"https:\/\/encuentroinformativo.com.mx\/?p=25788","title":{"rendered":"Abren al p\u00fablico zool\u00f3gico Miguel \u00c1ngel de Quevedo"},"content":{"rendered":"\n<p><strong>Alejandro \u00c1vila<\/strong><\/p>\n\n\n\n<p>Veracruz, Ver.- A partir de este lunes 11 de abril qued\u00f3 abierto nuevamente al p\u00fablico el zool\u00f3gico &#8220;Miguel \u00c1ngel de Quevedo&#8221; de la ciudad de Veracruz, mismo que inform\u00f3 la alcaldesa Patricia Lobeira Rodr\u00edguez, qued\u00f3 rehabilitado parcialmente.<\/p>\n\n\n\n<p>La edil panista se\u00f1al\u00f3 que, a\u00fan restan dos etapas m\u00e1s de rehabilitaci\u00f3n, d\u00f3nde se remodelar\u00e1 el mirador y se sanear\u00e1 la laguna al interior del recinto tur\u00edstico.<\/p>\n\n\n\n<p>&#8220;En esta primera etapa fue un mantenimiento general, que vengan los turistas, que lo disfruten, que disfruten de esta \u00e1rea tan bonita, y ya m\u00e1s adelante haremos la rehabilitaci\u00f3n, tanto del mirador como de la laguna (\u2026) a partir de hoy ya va a estar abierto, ya va a estar funcionando, as\u00ed que esperamos a los locales, a los turistas, a que visiten este zool\u00f3gico tan bonito&#8221;, mencion\u00f3.<\/p>\n\n\n\n<p>Lobeira Rodr\u00edguez pidi\u00f3 a los asistentes cuidar a los animales y evitar ruidos estruendosos, pues las especies que ah\u00ed convergen se mantuvieron en un h\u00e1bitat de tranquilidad tras dos a\u00f1os de pandemia.<\/p>\n\n\n\n<p>&#8220;Entonces si se pueden poner nerviosos con las visitas de tantas personas, pero mientras est\u00e9n tranquilos, no hagan tanto ruido, no tiren basura, eso es algo muy importante, qu\u00e9 nos ayuden con la limpieza del lugar, con esas recomendaciones yo creo que va a ser todo un \u00e9xito&#8221;, subray\u00f3.<\/p>\n\n\n\n<p>Una vez culminada las vacaciones de Semana Santa, es decir, el 25 de abril, se iniciar\u00e1 con la rehabilitaci\u00f3n en su fase 2 y 3.<\/p>\n\n\n\n<p>Finalmente la alcaldesa de Veracruz se\u00f1al\u00f3 qu\u00e9, existe un estimado de afluencia tur\u00edstica del 90 por ciento en la ciudad; sin embargo, se esperan un mayor n\u00famero de visitantes durante el siguiente fin de semana.<\/p>\n","protected":false},"excerpt":{"rendered":"<p>Alejandro \u00c1vila Veracruz, Ver.- A partir de este lunes 11 de abril qued\u00f3 abierto nuevamente al p\u00fablico el zool\u00f3gico &#8220;Miguel \u00c1ngel de Quevedo&#8221; de la ciudad de Veracruz, mismo que inform\u00f3 la alcaldesa Patricia Lobeira Rodr\u00edguez, qued\u00f3 rehabilitado parcialmente. La edil panista se\u00f1al\u00f3 que, a\u00fan restan dos etapas m\u00e1s de rehabilitaci\u00f3n, d\u00f3nde se remodelar\u00e1 el [&hellip;]<\/p>\n","protected":false},"author":1,"featured_media":25789,"comment_status":"open","ping_status":"open","sticky":false,"template":"","format":"standard","meta":{"_jetpack_memberships_contains_paid_content":false,"footnotes":""},"categories":[2],"tags":[],"class_list":["post-25788","post","type-post","status-publish","format-standard","has-post-thumbnail","hentry","category-estado"],"jetpack_featured_media_url":"https:\/\/encuentroinformativo.com.mx\/wp-content\/uploads\/2022\/04\/FF8CED1F-18BF-4A76-868B-C292A255C04F.jpeg","jetpack_sharing_enabled":true,"jetpack_likes_enabled":true,"amp_enabled":true,"_links":{"self":[{"href":"https:\/\/encuentroinformativo.com.mx\/index.php?rest_route=\/wp\/v2\/posts\/25788","targetHints":{"allow":["GET"]}}],"collection":[{"href":"https:\/\/encuentroinformativo.com.mx\/index.php?rest_route=\/wp\/v2\/posts"}],"about":[{"href":"https:\/\/encuentroinformativo.com.mx\/index.php?rest_route=\/wp\/v2\/types\/post"}],"author":[{"embeddable":true,"href":"https:\/\/encuentroinformativo.com.mx\/index.php?rest_route=\/wp\/v2\/users\/1"}],"replies":[{"embeddable":true,"href":"https:\/\/encuentroinformativo.com.mx\/index.php?rest_route=%2Fwp%2Fv2%2Fcomments&post=25788"}],"version-history":[{"count":1,"href":"https:\/\/encuentroinformativo.com.mx\/index.php?rest_route=\/wp\/v2\/posts\/25788\/revisions"}],"predecessor-version":[{"id":25790,"href":"https:\/\/encuentroinformativo.com.mx\/index.php?rest_route=\/wp\/v2\/posts\/25788\/revisions\/25790"}],"wp:featuredmedia":[{"embeddable":true,"href":"https:\/\/encuentroinformativo.com.mx\/index.php?rest_route=\/wp\/v2\/media\/25789"}],"wp:attachment":[{"href":"https:\/\/encuentroinformativo.com.mx\/index.php?rest_route=%2Fwp%2Fv2%2Fmedia&parent=25788"}],"wp:term":[{"taxonomy":"category","embeddable":true,"href":"https:\/\/encuentroinformativo.com.mx\/index.php?rest_route=%2Fwp%2Fv2%2Fcategories&post=25788"},{"taxonomy":"post_tag","embeddable":true,"href":"https:\/\/encuentroinformativo.com.mx\/index.php?rest_route=%2Fwp%2Fv2%2Ftags&post=25788"}],"curies":[{"name":"wp","href":"https:\/\/api.w.org\/{rel}","templated":true}]}}