{"id":25795,"date":"2022-04-11T13:11:19","date_gmt":"2022-04-11T18:11:19","guid":{"rendered":"https:\/\/encuentroinformativo.com.mx\/?p=25795"},"modified":"2022-04-11T13:11:23","modified_gmt":"2022-04-11T18:11:23","slug":"visitara-director-del-inah-veracruz-puerto","status":"publish","type":"post","link":"https:\/\/encuentroinformativo.com.mx\/?p=25795","title":{"rendered":"Visitar\u00e1 director del INAH Veracruz puerto"},"content":{"rendered":"\n<p><strong>Alejandro \u00c1vila<\/strong><\/p>\n\n\n\n<p>Veracruz, Ver.- Antes de que termine la Semana Santa, el director general del Instituto Nacional de Antropolog\u00eda e Historia (INAH), Diego Prieto Hern\u00e1ndez, visitar\u00e1 la ciudad de Veracruz para realizar un recorrido de trabajo en conjunto con el Ayuntamiento.<\/p>\n\n\n\n<p>El director de Obra P\u00fablica, Luis Rom\u00e1n Campa P\u00e9rez detall\u00f3 que, la visita de trabajo se realizar\u00e1 despu\u00e9s del d\u00eda 20 de abril, donde los temas principales ser\u00e1n la peatonalizaci\u00f3n de la avenida Independencia, el rescate de los callejones en el primer cuadro de la ciudad, y la ventanilla \u00fanica para facilitar las inversiones privadas en el Centro Hist\u00f3rico.<\/p>\n\n\n\n<p>&#8220;Seguramente vamos a caminar con \u00e9l, queremos que vea, no nada m\u00e1s por fotos, sino que lo camine, que se d\u00e9 cuenta del estado de las banquetas, la calle, de las instalaciones, los inmuebles c\u00f3mo se encuentran, y yo creo que a partir de ese momento, y en los pr\u00f3ximos 45 60 d\u00edas, estaremos pr\u00f3ximos a aperturar una oficina en el Centro Hist\u00f3rico, qu\u00e9 va a servir como ventanilla, gesti\u00f3n de tr\u00e1mites y asesor\u00eda para toda la gente que quiera invertir&#8221;, recalc\u00f3.<\/p>\n\n\n\n<p>Campa P\u00e9rez mencion\u00f3 que, el Ayuntamiento de Veracruz cuenta con 15 proyectos de rehabilitaci\u00f3n en el primer cuadro de la ciudad, donde destacan Independencia Peatonal, el parque de la Madre y los Portales de Veracruz; as\u00ed como los callejones, JJ Herrera y la Campana, entre otros.<\/p>\n\n\n\n<p>&#8220;Yo les puedo decir que en el Centro Hist\u00f3rico hay 90 por ciento privado y 10 por ciento p\u00fablico. Entonces ese 90 por ciento no nos corresponde a nosotros, le corresponde a la ciudadan\u00eda, a los due\u00f1os de los inmuebles, a los cuales invitamos a que se sumen a esta iniciativa, que aprovechen el pulso, que aprovechemos la sinergia, nunca hab\u00edamos platicado a nivel nacional con el INAH sobre este tema del Centro Hist\u00f3rico, ya se abrieron las puertas y hay que aprovecharlo&#8221;, remat\u00f3.<\/p>\n\n\n\n<p>Finalmente aclar\u00f3 qu\u00e9, existen otros proyectos como segundo plano pero igual de importantes, tales como, la reapertura del Baluarte de Santiago, la iluminaci\u00f3n de San Juan de Ul\u00faa y, taxis acu\u00e1ticos con rutas hacia San Juan de Ul\u00faa y la isla de Sacrificios.<\/p>\n","protected":false},"excerpt":{"rendered":"<p>Alejandro \u00c1vila Veracruz, Ver.- Antes de que termine la Semana Santa, el director general del Instituto Nacional de Antropolog\u00eda e Historia (INAH), Diego Prieto Hern\u00e1ndez, visitar\u00e1 la ciudad de Veracruz para realizar un recorrido de trabajo en conjunto con el Ayuntamiento. El director de Obra P\u00fablica, Luis Rom\u00e1n Campa P\u00e9rez detall\u00f3 que, la visita de [&hellip;]<\/p>\n","protected":false},"author":1,"featured_media":25796,"comment_status":"open","ping_status":"open","sticky":false,"template":"","format":"standard","meta":{"_jetpack_memberships_contains_paid_content":false,"footnotes":""},"categories":[2],"tags":[],"class_list":["post-25795","post","type-post","status-publish","format-standard","has-post-thumbnail","hentry","category-estado"],"jetpack_featured_media_url":"https:\/\/encuentroinformativo.com.mx\/wp-content\/uploads\/2022\/04\/E1272AFB-A4A0-415B-B397-BC73A55915B4.jpeg","jetpack_sharing_enabled":true,"jetpack_likes_enabled":true,"amp_enabled":true,"_links":{"self":[{"href":"https:\/\/encuentroinformativo.com.mx\/index.php?rest_route=\/wp\/v2\/posts\/25795","targetHints":{"allow":["GET"]}}],"collection":[{"href":"https:\/\/encuentroinformativo.com.mx\/index.php?rest_route=\/wp\/v2\/posts"}],"about":[{"href":"https:\/\/encuentroinformativo.com.mx\/index.php?rest_route=\/wp\/v2\/types\/post"}],"author":[{"embeddable":true,"href":"https:\/\/encuentroinformativo.com.mx\/index.php?rest_route=\/wp\/v2\/users\/1"}],"replies":[{"embeddable":true,"href":"https:\/\/encuentroinformativo.com.mx\/index.php?rest_route=%2Fwp%2Fv2%2Fcomments&post=25795"}],"version-history":[{"count":1,"href":"https:\/\/encuentroinformativo.com.mx\/index.php?rest_route=\/wp\/v2\/posts\/25795\/revisions"}],"predecessor-version":[{"id":25797,"href":"https:\/\/encuentroinformativo.com.mx\/index.php?rest_route=\/wp\/v2\/posts\/25795\/revisions\/25797"}],"wp:featuredmedia":[{"embeddable":true,"href":"https:\/\/encuentroinformativo.com.mx\/index.php?rest_route=\/wp\/v2\/media\/25796"}],"wp:attachment":[{"href":"https:\/\/encuentroinformativo.com.mx\/index.php?rest_route=%2Fwp%2Fv2%2Fmedia&parent=25795"}],"wp:term":[{"taxonomy":"category","embeddable":true,"href":"https:\/\/encuentroinformativo.com.mx\/index.php?rest_route=%2Fwp%2Fv2%2Fcategories&post=25795"},{"taxonomy":"post_tag","embeddable":true,"href":"https:\/\/encuentroinformativo.com.mx\/index.php?rest_route=%2Fwp%2Fv2%2Ftags&post=25795"}],"curies":[{"name":"wp","href":"https:\/\/api.w.org\/{rel}","templated":true}]}}