{"id":25798,"date":"2022-04-11T13:30:02","date_gmt":"2022-04-11T18:30:02","guid":{"rendered":"https:\/\/encuentroinformativo.com.mx\/?p=25798"},"modified":"2022-04-11T13:30:06","modified_gmt":"2022-04-11T18:30:06","slug":"inicia-jornada-de-vacunacion-de-ultima-llamada","status":"publish","type":"post","link":"https:\/\/encuentroinformativo.com.mx\/?p=25798","title":{"rendered":"Inicia jornada de vacunaci\u00f3n de \u201c\u00faltima llamada\u201d"},"content":{"rendered":"\n<p>Xalapa, Ver.- Lunes y martes se estar\u00e1 vacunando en el Gimnasio Omega contra Covid 19 con Astra Zeneca a ciudadanos que no han recibido ninguna dosis o les falta alguna de las tres que ha colocado la Secretar\u00eda de Salud.<\/p>\n\n\n\n<p>La jornada de vacunaci\u00f3n forma parte de la campa\u00f1a \u201cM\u00e1s vale tarde que nunca, todas y todos a vacunarse\u201d y tiene como finalidad que ninguna persona se quede sin haber recibido alguna dosis. <br><\/p>\n\n\n\n<figure class=\"wp-block-image size-large\"><img loading=\"lazy\" decoding=\"async\" width=\"1024\" height=\"683\" src=\"https:\/\/encuentroinformativo.com.mx\/wp-content\/uploads\/2022\/04\/BC23B588-6010-469D-8DD5-9C65FB3FAC55-1024x683.jpeg\" alt=\"\" class=\"wp-image-25800\" srcset=\"https:\/\/encuentroinformativo.com.mx\/wp-content\/uploads\/2022\/04\/BC23B588-6010-469D-8DD5-9C65FB3FAC55-1024x683.jpeg 1024w, https:\/\/encuentroinformativo.com.mx\/wp-content\/uploads\/2022\/04\/BC23B588-6010-469D-8DD5-9C65FB3FAC55-300x200.jpeg 300w, https:\/\/encuentroinformativo.com.mx\/wp-content\/uploads\/2022\/04\/BC23B588-6010-469D-8DD5-9C65FB3FAC55-768x512.jpeg 768w, https:\/\/encuentroinformativo.com.mx\/wp-content\/uploads\/2022\/04\/BC23B588-6010-469D-8DD5-9C65FB3FAC55-1536x1024.jpeg 1536w, https:\/\/encuentroinformativo.com.mx\/wp-content\/uploads\/2022\/04\/BC23B588-6010-469D-8DD5-9C65FB3FAC55.jpeg 1599w\" sizes=\"auto, (max-width: 1024px) 100vw, 1024px\" \/><\/figure>\n","protected":false},"excerpt":{"rendered":"<p>Xalapa, Ver.- Lunes y martes se estar\u00e1 vacunando en el Gimnasio Omega contra Covid 19 con Astra Zeneca a ciudadanos que no han recibido ninguna dosis o les falta alguna de las tres que ha colocado la Secretar\u00eda de Salud. La jornada de vacunaci\u00f3n forma parte de la campa\u00f1a \u201cM\u00e1s vale tarde que nunca, todas [&hellip;]<\/p>\n","protected":false},"author":1,"featured_media":25799,"comment_status":"open","ping_status":"open","sticky":false,"template":"","format":"standard","meta":{"_jetpack_memberships_contains_paid_content":false,"footnotes":""},"categories":[9],"tags":[],"class_list":["post-25798","post","type-post","status-publish","format-standard","has-post-thumbnail","hentry","category-salud"],"jetpack_featured_media_url":"https:\/\/encuentroinformativo.com.mx\/wp-content\/uploads\/2022\/04\/CF687AF0-F771-4B6A-8E39-CC2FB5F4A9FC.jpeg","jetpack_sharing_enabled":true,"jetpack_likes_enabled":true,"amp_enabled":true,"_links":{"self":[{"href":"https:\/\/encuentroinformativo.com.mx\/index.php?rest_route=\/wp\/v2\/posts\/25798","targetHints":{"allow":["GET"]}}],"collection":[{"href":"https:\/\/encuentroinformativo.com.mx\/index.php?rest_route=\/wp\/v2\/posts"}],"about":[{"href":"https:\/\/encuentroinformativo.com.mx\/index.php?rest_route=\/wp\/v2\/types\/post"}],"author":[{"embeddable":true,"href":"https:\/\/encuentroinformativo.com.mx\/index.php?rest_route=\/wp\/v2\/users\/1"}],"replies":[{"embeddable":true,"href":"https:\/\/encuentroinformativo.com.mx\/index.php?rest_route=%2Fwp%2Fv2%2Fcomments&post=25798"}],"version-history":[{"count":1,"href":"https:\/\/encuentroinformativo.com.mx\/index.php?rest_route=\/wp\/v2\/posts\/25798\/revisions"}],"predecessor-version":[{"id":25801,"href":"https:\/\/encuentroinformativo.com.mx\/index.php?rest_route=\/wp\/v2\/posts\/25798\/revisions\/25801"}],"wp:featuredmedia":[{"embeddable":true,"href":"https:\/\/encuentroinformativo.com.mx\/index.php?rest_route=\/wp\/v2\/media\/25799"}],"wp:attachment":[{"href":"https:\/\/encuentroinformativo.com.mx\/index.php?rest_route=%2Fwp%2Fv2%2Fmedia&parent=25798"}],"wp:term":[{"taxonomy":"category","embeddable":true,"href":"https:\/\/encuentroinformativo.com.mx\/index.php?rest_route=%2Fwp%2Fv2%2Fcategories&post=25798"},{"taxonomy":"post_tag","embeddable":true,"href":"https:\/\/encuentroinformativo.com.mx\/index.php?rest_route=%2Fwp%2Fv2%2Ftags&post=25798"}],"curies":[{"name":"wp","href":"https:\/\/api.w.org\/{rel}","templated":true}]}}