{"id":2580,"date":"2020-05-16T12:32:41","date_gmt":"2020-05-16T17:32:41","guid":{"rendered":"https:\/\/encuentroinformativo.com\/?p=2580"},"modified":"2020-05-16T12:32:43","modified_gmt":"2020-05-16T17:32:43","slug":"incluyen-filtros-viales-en-la-revolucion","status":"publish","type":"post","link":"https:\/\/encuentroinformativo.com.mx\/?p=2580","title":{"rendered":"Incluyen filtros viales en la Revoluci\u00f3n"},"content":{"rendered":"\n<p><strong>Dar\u00edo Pale <\/strong><\/p>\n\n\n\n<p>Xalapa, Ver.- Este s\u00e1bado la Direcci\u00f3n de Tr\u00e1nsito del Estado y de Transporte P\u00fablico extendieron los filtros viales a la avenida Atenas Veracuzana, en la colonia Revoluci\u00f3n, apoyados por elementos de la Secretar\u00eda de Seguridad P\u00fablica y de la Polic\u00eda Municipal de Xalapa.<\/p>\n\n\n\n<p>Entrevistado durante el operativo el delegado de Tr\u00e1nsito en Xalapa, Miguel \u00c1ngel L\u00f3pez Ortega dio a conocer que este s\u00e1bado y domingo, permanecer\u00e1n cerrados a los veh\u00edculos, los accesos que conducen a la avenida Atenas, con el fin de evitar aglomeraciones.<\/p>\n\n\n\n<p>&#8220;Estamos viendo que se est\u00e1 cumpliendo el objetivo a diferencia de otras fechas donde se ve\u00eda un gran n\u00famero de personas y veh\u00edculos El objetivo es inhibir la movilidad veh\u00edcular, que los ciudadanos generen conciencia y tomen todas las medidas de seguridad e higiene. Esa es la recomendaci\u00f3n. Exhortarlos que guarden sana distancia y respeten las medidas sanitarias&#8221; explic\u00f3.<\/p>\n\n\n\n<p>Precis\u00f3 que casa vez que se instruya, continuar\u00e1n los filtros viales en la capital del estado.<\/p>\n\n\n\n<p>Finalmente cabe mencionar que desde el jueves se instalaron filtros viales en 20 puntos del centro de Xalapa, incluyendo la zona del mercado La Rotonda.<\/p>\n\n\n\n<p><\/p>\n","protected":false},"excerpt":{"rendered":"<p>Dar\u00edo Pale Xalapa, Ver.- Este s\u00e1bado la Direcci\u00f3n de Tr\u00e1nsito del Estado y de Transporte P\u00fablico extendieron los filtros viales a la avenida Atenas Veracuzana, en la colonia Revoluci\u00f3n, apoyados por elementos de la Secretar\u00eda de Seguridad P\u00fablica y de la Polic\u00eda Municipal de Xalapa. Entrevistado durante el operativo el delegado de Tr\u00e1nsito en Xalapa, [&hellip;]<\/p>\n","protected":false},"author":1,"featured_media":2581,"comment_status":"open","ping_status":"open","sticky":false,"template":"","format":"standard","meta":{"_jetpack_memberships_contains_paid_content":false,"footnotes":""},"categories":[3],"tags":[],"class_list":["post-2580","post","type-post","status-publish","format-standard","has-post-thumbnail","hentry","category-xalapa"],"jetpack_featured_media_url":"https:\/\/encuentroinformativo.com.mx\/wp-content\/uploads\/2020\/05\/55D497DF-D648-4898-8F1F-03ACA4C236AD.jpeg","jetpack_sharing_enabled":true,"jetpack_likes_enabled":true,"amp_enabled":true,"_links":{"self":[{"href":"https:\/\/encuentroinformativo.com.mx\/index.php?rest_route=\/wp\/v2\/posts\/2580","targetHints":{"allow":["GET"]}}],"collection":[{"href":"https:\/\/encuentroinformativo.com.mx\/index.php?rest_route=\/wp\/v2\/posts"}],"about":[{"href":"https:\/\/encuentroinformativo.com.mx\/index.php?rest_route=\/wp\/v2\/types\/post"}],"author":[{"embeddable":true,"href":"https:\/\/encuentroinformativo.com.mx\/index.php?rest_route=\/wp\/v2\/users\/1"}],"replies":[{"embeddable":true,"href":"https:\/\/encuentroinformativo.com.mx\/index.php?rest_route=%2Fwp%2Fv2%2Fcomments&post=2580"}],"version-history":[{"count":1,"href":"https:\/\/encuentroinformativo.com.mx\/index.php?rest_route=\/wp\/v2\/posts\/2580\/revisions"}],"predecessor-version":[{"id":2582,"href":"https:\/\/encuentroinformativo.com.mx\/index.php?rest_route=\/wp\/v2\/posts\/2580\/revisions\/2582"}],"wp:featuredmedia":[{"embeddable":true,"href":"https:\/\/encuentroinformativo.com.mx\/index.php?rest_route=\/wp\/v2\/media\/2581"}],"wp:attachment":[{"href":"https:\/\/encuentroinformativo.com.mx\/index.php?rest_route=%2Fwp%2Fv2%2Fmedia&parent=2580"}],"wp:term":[{"taxonomy":"category","embeddable":true,"href":"https:\/\/encuentroinformativo.com.mx\/index.php?rest_route=%2Fwp%2Fv2%2Fcategories&post=2580"},{"taxonomy":"post_tag","embeddable":true,"href":"https:\/\/encuentroinformativo.com.mx\/index.php?rest_route=%2Fwp%2Fv2%2Ftags&post=2580"}],"curies":[{"name":"wp","href":"https:\/\/api.w.org\/{rel}","templated":true}]}}