{"id":25827,"date":"2022-04-12T09:08:23","date_gmt":"2022-04-12T14:08:23","guid":{"rendered":"https:\/\/encuentroinformativo.com.mx\/?p=25827"},"modified":"2022-04-12T09:08:27","modified_gmt":"2022-04-12T14:08:27","slug":"desaprovecharon-la-democracia-consulta-exitosa-lorenzo-cordova","status":"publish","type":"post","link":"https:\/\/encuentroinformativo.com.mx\/?p=25827","title":{"rendered":"DESAPROVECHARON LA DEMOCRACIA; \u201cCONSULTA EXITOSA\u201d: LORENZO C\u00d3RDOVA"},"content":{"rendered":"\n<p><strong>ColumnaSinNombre<br>@pablojair<\/strong><\/p>\n\n\n\n<p>No hubo notas pal refri, sorry.<br>\u2014Chopenjawer<\/p>\n\n\n\n<p>En 2018 hubo un voto de castigo, de hartazgo, de descontento social en M\u00e9xico. La gente ya estaba harta de los malos gobiernos, de los negocios al amparo del poder, de la corrupci\u00f3n, los excesos.<\/p>\n\n\n\n<p>Antes, en 2006, Andr\u00e9s Manuel L\u00f3pez Obrador habr\u00eda ganado la elecci\u00f3n presidencial contra el panista Felipe Calder\u00f3n, pero se habla de un fraude electoral o de una votaci\u00f3n muy cerrada que dividi\u00f3 al pa\u00eds en dos. \u201cHaiga sido como haiga sido\u201d, Calder\u00f3n fue presidente, pero no pudo sostener al panismo en el poder.<\/p>\n\n\n\n<p>Luego vendr\u00eda el pe\u00f1anietismo, con esc\u00e1ndalos como la Casa Blanca o los gobernadores pri\u00edstas que creyeron que se hab\u00eda regresado a los tiempos de \u201crobo todo y nadie me dir\u00e1 nada\u201d. El PRI hab\u00eda tomado el poder, pero perdi\u00f3 tambi\u00e9n la oportunidad de sostenerse.<\/p>\n\n\n\n<p>Quiz\u00e1s la llegada de AMLO era necesaria, porque ya era urgente despresurizar al pa\u00eds. Otro fraude electoral iba a ser insoportable. La gente ya estaba harta y por eso sali\u00f3 a las urnas a votar masivamente el 1 de julio de 2018, donde 30 millones dieron su confianza al \u201cPeje\u201d.<\/p>\n\n\n\n<p>Y esa elecci\u00f3n de 2018 fue una de las m\u00e1s altas del pa\u00eds (poco m\u00e1s del 63%), arrasando no s\u00f3lo en la votaci\u00f3n presidencial, sino ganando estados clave y diputaciones. Muchos que en su vida nunca pensaron que iban a tener un cargo de elecci\u00f3n popular, sencillamente no se cre\u00edan el d\u00eda cuando resultaron electos por el partido Morena.<\/p>\n\n\n\n<p>En Veracruz se fue cocinando poco a poco desde antes: en 2015, ganaban sus primeros distritos federales en Xalapa y Coatzacoalcos con Cuitl\u00e1huac Garc\u00eda Jim\u00e9nez y Roc\u00edo Nahle Garc\u00eda, respectivamente, sorprendiendo a varios de los que est\u00e1bamos la noche del 7 de junio en la sede del Comit\u00e9 Estatal del PRI viendo los resultados electorales y la entrada de Morena al escenario estatal.<\/p>\n\n\n\n<p>Para 2016 (buscando la gubernatura de dos a\u00f1os) Morena volvi\u00f3 a avanzar ganando en las alcald\u00edas de ciudades importantes y quedando en tercer lugar en la gubernatura, en su primer intento. En ese entonces ganar\u00eda Miguel \u00c1ngel Yunes Linares, del PAN, sobre su primo H\u00e9ctor Yunes Landa, del PRI, cuyo partido sufr\u00eda la primera dolorosa derrota de perder por vez primera la gubernatura de Veracruz.<\/p>\n\n\n\n<p>En 2018 la historia fue otra: Presidencia de la Rep\u00fablica, gubernaturas, mayor\u00eda del Congreso federal, Senado, congresos estatales, etc. La marca, el movimiento, el nombre de L\u00f3pez Obrador, hizo tremendo impacto en la historia pol\u00edtica nacional y todo lo gan\u00f3 Morena. En Veracruz, Cuitl\u00e1huac Garc\u00eda se convertir\u00eda en el candidato a gobernador m\u00e1s votado.<\/p>\n\n\n\n<p>Desde ese entonces se comenta que una parte del hartazgo contra los Yunes (tanto los del PAN como los del PRI) proven\u00eda de los grupos que el exgobernador chole\u00f1o mand\u00f3 por un tubo una vez que ascendi\u00f3 al poder: se neg\u00f3 a pagar deudas de proveedores, le cerr\u00f3 el paso a medios de comunicaci\u00f3n, comenz\u00f3 una cacer\u00eda de brujas contra pol\u00edticos del sexenio anterior; aparte, no terminaron los problemas de inseguridad, pues hasta cuerpos desmembrados le fueron a dejar en Xalapa en al menos dos ocasiones, as\u00ed como a su secretario de Seguridad P\u00fablica, Jaime T\u00e9llez, en su despacho de Veracruz.<\/p>\n\n\n\n<p>Entre estos grupos, hab\u00eda pri\u00edstas que hab\u00edan quedado fuera del poder y comentaban que se la iban a cobrar a Yunes Linares; hay versiones de que finalmente fueron los que inclinaron la balanza a favor de Morena cuando vieron que definitivamente el candidato tricolor Pepe Yunes iba enfilado a una estrepitosa derrota: la peor del PRI en toda su historia pol\u00edtica en Veracruz.<\/p>\n\n\n\n<p>Una votaci\u00f3n de un mill\u00f3n 667 mil 239 de veracruzanos fue la que llev\u00f3 a Cuitl\u00e1huac Garc\u00eda Jim\u00e9nez a la primera magistratura en el estado, entre base morenista y los que se sumaron para castigar a los Yunes. En segundo lugar quedaba el hijo del entonces gobernador, con un mill\u00f3n 453 mil 938 sufragios.<\/p>\n\n\n\n<p><strong>BASE MORENISTA<\/strong><\/p>\n\n\n\n<p>Desde hace rato se cuestiona de cu\u00e1nto es realmente la base morenista en Veracruz.<\/p>\n\n\n\n<p>En las elecciones de diputaciones y ayuntamientos de 2021, Morena alcanz\u00f3 una votaci\u00f3n de un mill\u00f3n 417 mil 707 con sus aliados PT y Verde, en el caso distrital, y 988 mil 431 en el caso de los municipios. Por mucho la base de la votaci\u00f3n de Morena sobre los partidos \u201cfuertes\u201d de oposici\u00f3n: el PRIANRD apenas tuvo 641 mil 194; Movimiento Ciudadano, con 281 mil 469.<\/p>\n\n\n\n<p>En teor\u00eda, la base de Morena en Veracruz en esos momentos fluctuaba en 980 mil y un mill\u00f3n 400 mil.<\/p>\n\n\n\n<p>La reciente consulta de Revocaci\u00f3n de Mandato, al final, se puede traducir como una muestra de una encuesta (car\u00edsima, por cierto, pero contundente) para medir el m\u00fasculo del partido en el poder y da datos interesantes que no tienen nada de desperdicio.<\/p>\n\n\n\n<p>En s\u00ed (en la opini\u00f3n de quien esto escribe, con un \u201cbull\u201d a la mano) los sufragios emitidos este domingo son el voto duro de Morena. En los hechos, toda esa votaci\u00f3n que sali\u00f3 a las calles este 10 de abril fueron de los cientos de miles de simpatizantes obradoristas y unos cuantas decenas de miles que emitieron su sufragio para pedir que AMLO fuese revocado. La diferencia es que el m\u00fasculo de L\u00f3pez Obrador fue muy fuerte, con todo y que no se instalaron todas las casillas que tuvo en 2018 y hubo apat\u00eda por quienes no les interes\u00f3 la consulta.<\/p>\n\n\n\n<p>De una gran muestra estad\u00edstica de 17.77% de la Lista Nominal de 92 millones 823 mil 216 electores, son 15 millones 159 mil 323 los que respaldan a AMLO y ratificaron su mandato con 91.8%. S\u00f3lo un mill\u00f3n 063 mil 209 votos (que responsablemente salieron a emitir su opini\u00f3n) dijeron que preferir\u00edan ver a L\u00f3pez Obrador revocado de la Presidencia de la Rep\u00fablica, representando el 6.4%.<\/p>\n\n\n\n<p>En los hechos, son 15 millones de votos a favor de AMLO. Si fueron menos, es porque hay una l\u00f3gica irrebatible: hubo menos casillas y no era una elecci\u00f3n formal. Otro factor pudo haber sido que existi\u00f3 falta de informaci\u00f3n por parte del ente organizador (el INE) respecto a la consulta: no son pocos los que me han platicado que desconoc\u00edan el procedimiento, en d\u00f3nde iban a votar o qu\u00e9 iba a pasar, de qu\u00e9 se trataba.<\/p>\n\n\n\n<p>No obstante, por la tarde este lunes, el consejero presidente del INE, Lorenzo C\u00f3rdova, calific\u00f3 como \u201cexitosa\u201d la consulta \u201cque lleg\u00f3 para quedarse y podr\u00eda repetirse todos los a\u00f1os\u201d. Lo anterior, en entrevista con los comunicadores Gabriela Warkentin y Javier Risco.<\/p>\n\n\n\n<p>En Veracruz los datos fueron muy alentadores para la 4T: particip\u00f3 el 26.88% del padr\u00f3n electoral (un mill\u00f3n 585 mil 723 votos) de una lista nominal de 5 millones 897 mil 441votantes, de los cuales un mill\u00f3n 476 mil 850 votaron a favor de que AMLO se quede en la Presidencia, mientras que apenas 72 mil 369 pidieron su revocaci\u00f3n.<\/p>\n\n\n\n<p>Casi un mill\u00f3n y medio de votantes, en teor\u00eda, es el voto duro de Morena en Veracruz y aument\u00f3 poco m\u00e1s con relaci\u00f3n a la elecci\u00f3n m\u00e1s reciente de 2021. En la consulta del domingo, s\u00f3lo el Estado de M\u00e9xico fue la entidad con mayor padr\u00f3n que le gan\u00f3 a Veracruz, con un mill\u00f3n 900 mil.<\/p>\n\n\n\n<p>As\u00ed que, de hecho, si hubiesen habido elecciones este domingo, Morena hubiese vuelto a salir con un alto n\u00famero de votaci\u00f3n ante una oposici\u00f3n d\u00e9bil y dividida, que en elecciones recientes se ha ido desdibujando.<\/p>\n\n\n\n<p>SE PERDI\u00d3 LA OPORTUNIDAD<\/p>\n\n\n\n<p>Por la ma\u00f1ana, en distintos noticieros hubo voces cr\u00edticas serias que dec\u00edan que la oposici\u00f3n hab\u00eda perdido una \u201coportunidad hist\u00f3rica\u201d para revocar al presidente. Hace unos d\u00edas, por ejemplo, en un ejercicio similar, el primer ministro de Pakist\u00e1n fue removido del poder por la p\u00e9rdida de confianza; es decir, es una pr\u00e1ctica democr\u00e1tica que no es simple ocurrencia de AMLO, sino que se realiza en otras partes del mundo.<\/p>\n\n\n\n<p>Sergio Zaragoza, de la encuestadora \u201cM\u00e9xico Elige\u201d, comentaba en el noticiero de Ciro G\u00f3mez Leyva algo que me parece muy sensato de repetir: no se puede decir que gan\u00f3 la democracia cuando hubo un 85% de abstenci\u00f3n; que no hay victoria para nadie y hubo una oportunidad desaprovechada por parte de la oposici\u00f3n para hacer valer su influencia e incluso llamar a revocar al presidente, pero no lo aprovecharon.<\/p>\n\n\n\n<p>Mientras, L\u00f3pez Obrador, seg\u00fan la casa encuestadora, alcanz\u00f3 hasta hace poco el 55% de popularidad en el pa\u00eds, con 15 millones de votos que (la neta, padre) dif\u00edcilmente obtendr\u00eda un candidato de la oposici\u00f3n a estas alturas.<\/p>\n\n\n\n<p>A ver c\u00f3mo les va en 2024.<\/p>\n","protected":false},"excerpt":{"rendered":"<p>ColumnaSinNombre@pablojair No hubo notas pal refri, sorry.\u2014Chopenjawer En 2018 hubo un voto de castigo, de hartazgo, de descontento social en M\u00e9xico. La gente ya estaba harta de los malos gobiernos, de los negocios al amparo del poder, de la corrupci\u00f3n, los excesos. Antes, en 2006, Andr\u00e9s Manuel L\u00f3pez Obrador habr\u00eda ganado la elecci\u00f3n presidencial contra [&hellip;]<\/p>\n","protected":false},"author":1,"featured_media":488,"comment_status":"open","ping_status":"open","sticky":false,"template":"","format":"standard","meta":{"_jetpack_memberships_contains_paid_content":false,"footnotes":""},"categories":[11],"tags":[],"class_list":["post-25827","post","type-post","status-publish","format-standard","has-post-thumbnail","hentry","category-opinion"],"jetpack_featured_media_url":"https:\/\/encuentroinformativo.com.mx\/wp-content\/uploads\/2020\/03\/F471F608-BA1A-416B-BA7B-BCFB24F4E6D0.jpeg","jetpack_sharing_enabled":true,"jetpack_likes_enabled":true,"amp_enabled":true,"_links":{"self":[{"href":"https:\/\/encuentroinformativo.com.mx\/index.php?rest_route=\/wp\/v2\/posts\/25827","targetHints":{"allow":["GET"]}}],"collection":[{"href":"https:\/\/encuentroinformativo.com.mx\/index.php?rest_route=\/wp\/v2\/posts"}],"about":[{"href":"https:\/\/encuentroinformativo.com.mx\/index.php?rest_route=\/wp\/v2\/types\/post"}],"author":[{"embeddable":true,"href":"https:\/\/encuentroinformativo.com.mx\/index.php?rest_route=\/wp\/v2\/users\/1"}],"replies":[{"embeddable":true,"href":"https:\/\/encuentroinformativo.com.mx\/index.php?rest_route=%2Fwp%2Fv2%2Fcomments&post=25827"}],"version-history":[{"count":1,"href":"https:\/\/encuentroinformativo.com.mx\/index.php?rest_route=\/wp\/v2\/posts\/25827\/revisions"}],"predecessor-version":[{"id":25828,"href":"https:\/\/encuentroinformativo.com.mx\/index.php?rest_route=\/wp\/v2\/posts\/25827\/revisions\/25828"}],"wp:featuredmedia":[{"embeddable":true,"href":"https:\/\/encuentroinformativo.com.mx\/index.php?rest_route=\/wp\/v2\/media\/488"}],"wp:attachment":[{"href":"https:\/\/encuentroinformativo.com.mx\/index.php?rest_route=%2Fwp%2Fv2%2Fmedia&parent=25827"}],"wp:term":[{"taxonomy":"category","embeddable":true,"href":"https:\/\/encuentroinformativo.com.mx\/index.php?rest_route=%2Fwp%2Fv2%2Fcategories&post=25827"},{"taxonomy":"post_tag","embeddable":true,"href":"https:\/\/encuentroinformativo.com.mx\/index.php?rest_route=%2Fwp%2Fv2%2Ftags&post=25827"}],"curies":[{"name":"wp","href":"https:\/\/api.w.org\/{rel}","templated":true}]}}