{"id":25829,"date":"2022-04-12T10:36:30","date_gmt":"2022-04-12T15:36:30","guid":{"rendered":"https:\/\/encuentroinformativo.com.mx\/?p=25829"},"modified":"2022-04-12T10:36:34","modified_gmt":"2022-04-12T15:36:34","slug":"entregan-rehabilitacion-del-camino-la-gloria-jareros","status":"publish","type":"post","link":"https:\/\/encuentroinformativo.com.mx\/?p=25829","title":{"rendered":"Entregan rehabilitaci\u00f3n del camino La Gloria-Jareros"},"content":{"rendered":"\n<p>\u00darsulo Galv\u00e1n, Ver.- La pol\u00edtica de atenci\u00f3n integral a los menos favorecidos se hace patente en esta administraci\u00f3n, al proveer infraestructura carretera de calidad para que incluso las localidades m\u00e1s peque\u00f1as est\u00e9n comunicadas.<\/p>\n\n\n\n<p>Ejemplo de lo anterior es la pavimentaci\u00f3n del camino La Gloria\u2013Jareros, en el municipio de \u00darsulo Galv\u00e1n, que fue realizada con una inversi\u00f3n de 31 millones de pesos y beneficia a 31 mil personas; as\u00ed tienen la oportunidad de reactivar su econom\u00eda y revalorizar la producci\u00f3n del campo.<\/p>\n\n\n\n<p>Durante la supervisi\u00f3n de la obra realizada por la Secretar\u00eda de Infraestructura y Obras P\u00fablicas (SIOP), el gobernador Cuitl\u00e1huac Garc\u00eda Jim\u00e9nez resalt\u00f3 que al ser la industria azucarera la principal fuente de trabajo de esta demarcaci\u00f3n, dicho tramo permite el transporte r\u00e1pido y seguro de la ca\u00f1a al ingenio La Gloria y, posteriormente, al mercado.<\/p>\n\n\n\n<p>Acompa\u00f1ado por el titular de la dependencia, Elio Hern\u00e1ndez Guti\u00e9rrez, y los subsecretarios Fernando El\u00edas Guevara y Jes\u00fas Enrique Trujeque Rivera, expres\u00f3 que el apoyo al presidente en la consulta de revocaci\u00f3n de mandato es debido a los resultados de la Cuarta Transformaci\u00f3n.<\/p>\n\n\n\n<p>\u201cEn Veracruz respaldamos al presidente de la Rep\u00fablica, Andr\u00e9s Manuel L\u00f3pez Obrador, y por eso con orgullo decimos que hemos transformado las zonas rurales y establecimos r\u00e9cord en obra p\u00fablica\u201d.<\/p>\n\n\n\n<p>A\u00f1adi\u00f3 que debido a la contingencia sanitaria y posteriormente la veda electoral muchas acciones de Gobierno no han podido ser inauguradas de manera oficial; sin embargo, el trabajo nunca ces\u00f3.<\/p>\n\n\n\n<p>\u201cLa gente respald\u00f3 a los gobiernos de la Cuarta Transformaci\u00f3n y en respuesta aqu\u00ed est\u00e1n las obras que hemos venido haciendo; estamos cumpli\u00e9ndole al estado, pero hasta ac\u00e1 no vienen el Reforma, El Universal, ni todos esos medios que estuvieron tir\u00e1ndole al presidente\u201d.<\/p>\n\n\n\n<figure class=\"wp-block-image size-large\"><img loading=\"lazy\" decoding=\"async\" width=\"1024\" height=\"576\" src=\"https:\/\/encuentroinformativo.com.mx\/wp-content\/uploads\/2022\/04\/7BFA4E63-92CF-4F31-A358-E0B45C2AC7A8.jpeg\" alt=\"\" class=\"wp-image-25831\" srcset=\"https:\/\/encuentroinformativo.com.mx\/wp-content\/uploads\/2022\/04\/7BFA4E63-92CF-4F31-A358-E0B45C2AC7A8.jpeg 1024w, https:\/\/encuentroinformativo.com.mx\/wp-content\/uploads\/2022\/04\/7BFA4E63-92CF-4F31-A358-E0B45C2AC7A8-300x169.jpeg 300w, https:\/\/encuentroinformativo.com.mx\/wp-content\/uploads\/2022\/04\/7BFA4E63-92CF-4F31-A358-E0B45C2AC7A8-768x432.jpeg 768w\" sizes=\"auto, (max-width: 1024px) 100vw, 1024px\" \/><\/figure>\n","protected":false},"excerpt":{"rendered":"<p>\u00darsulo Galv\u00e1n, Ver.- La pol\u00edtica de atenci\u00f3n integral a los menos favorecidos se hace patente en esta administraci\u00f3n, al proveer infraestructura carretera de calidad para que incluso las localidades m\u00e1s peque\u00f1as est\u00e9n comunicadas. Ejemplo de lo anterior es la pavimentaci\u00f3n del camino La Gloria\u2013Jareros, en el municipio de \u00darsulo Galv\u00e1n, que fue realizada con una [&hellip;]<\/p>\n","protected":false},"author":1,"featured_media":25830,"comment_status":"open","ping_status":"open","sticky":false,"template":"","format":"standard","meta":{"_jetpack_memberships_contains_paid_content":false,"footnotes":""},"categories":[8],"tags":[],"class_list":["post-25829","post","type-post","status-publish","format-standard","has-post-thumbnail","hentry","category-region"],"jetpack_featured_media_url":"https:\/\/encuentroinformativo.com.mx\/wp-content\/uploads\/2022\/04\/D0BE29A5-0F2B-41CB-A253-D8AC29245F27.jpeg","jetpack_sharing_enabled":true,"jetpack_likes_enabled":true,"amp_enabled":true,"_links":{"self":[{"href":"https:\/\/encuentroinformativo.com.mx\/index.php?rest_route=\/wp\/v2\/posts\/25829","targetHints":{"allow":["GET"]}}],"collection":[{"href":"https:\/\/encuentroinformativo.com.mx\/index.php?rest_route=\/wp\/v2\/posts"}],"about":[{"href":"https:\/\/encuentroinformativo.com.mx\/index.php?rest_route=\/wp\/v2\/types\/post"}],"author":[{"embeddable":true,"href":"https:\/\/encuentroinformativo.com.mx\/index.php?rest_route=\/wp\/v2\/users\/1"}],"replies":[{"embeddable":true,"href":"https:\/\/encuentroinformativo.com.mx\/index.php?rest_route=%2Fwp%2Fv2%2Fcomments&post=25829"}],"version-history":[{"count":1,"href":"https:\/\/encuentroinformativo.com.mx\/index.php?rest_route=\/wp\/v2\/posts\/25829\/revisions"}],"predecessor-version":[{"id":25832,"href":"https:\/\/encuentroinformativo.com.mx\/index.php?rest_route=\/wp\/v2\/posts\/25829\/revisions\/25832"}],"wp:featuredmedia":[{"embeddable":true,"href":"https:\/\/encuentroinformativo.com.mx\/index.php?rest_route=\/wp\/v2\/media\/25830"}],"wp:attachment":[{"href":"https:\/\/encuentroinformativo.com.mx\/index.php?rest_route=%2Fwp%2Fv2%2Fmedia&parent=25829"}],"wp:term":[{"taxonomy":"category","embeddable":true,"href":"https:\/\/encuentroinformativo.com.mx\/index.php?rest_route=%2Fwp%2Fv2%2Fcategories&post=25829"},{"taxonomy":"post_tag","embeddable":true,"href":"https:\/\/encuentroinformativo.com.mx\/index.php?rest_route=%2Fwp%2Fv2%2Ftags&post=25829"}],"curies":[{"name":"wp","href":"https:\/\/api.w.org\/{rel}","templated":true}]}}