{"id":25836,"date":"2022-04-12T11:34:21","date_gmt":"2022-04-12T16:34:21","guid":{"rendered":"https:\/\/encuentroinformativo.com.mx\/?p=25836"},"modified":"2022-04-12T11:34:25","modified_gmt":"2022-04-12T16:34:25","slug":"colocan-centro-de-vacunacion-en-bajos-de-palacio-de-gobierno","status":"publish","type":"post","link":"https:\/\/encuentroinformativo.com.mx\/?p=25836","title":{"rendered":"Colocan centro de vacunaci\u00f3n en bajos de Palacio de Gobierno"},"content":{"rendered":"\n<p><strong>Juan Arcos <\/strong><\/p>\n\n\n\n<p>Xalapa, Ver.- Este martes 12 de abril fue instalado un m\u00f3dulo de vacunaci\u00f3n contra Sars-Cov-2 (Covid-19) en bajos de Palacio de Gobierno para que las personas que lo requieran completen su esquema.<\/p>\n\n\n\n<p>El puesto estar\u00e1 hasta el pr\u00f3ximo s\u00e1bado 16 de abril, en un horario de nueve de la ma\u00f1ana a tres de la tarde.<\/p>\n\n\n\n<p>Para vacunarse es necesario presentar los certificados de las dosis anteriores y, en caso de refuerzo, contar con el esquema completo de vacunaci\u00f3n no menor a cuatro meses.<\/p>\n\n\n\n<p>La Secretar\u00eda de Salud de Veracruz lanz\u00f3 una convocatoria para la poblaci\u00f3n de Xalapa y Banderilla para acudir a la jornada de vacunaci\u00f3n este martes 12 de marzo, como \u00faltimo d\u00eda para rezagados, refuerzos y adolescentes de 14 a 17 a\u00f1os.<\/p>\n\n\n\n<p>La sede es el Complejo Deportivo Omega, ubicado sobre la\u00a0<a href=\"https:\/\/www.google.com\/maps\/search\/calle+Miguel+Barrag%C3%A1n+n%C3%BAmero+32?entry=gmail&amp;source=g\">calle Miguel Barrag\u00e1n n\u00famero 32<\/a>, de la zona centro de Xalapa, donde se recibe a la gente en un horario de ocho de la ma\u00f1ana a seis de la tarde.<\/p>\n\n\n\n<p>En este m\u00f3dulo es necesario presentar el folio de vacunaci\u00f3n, la credencial para votar, CURP, comprobante de domicilio reciente y, en caso de segunda dosis, comprobante de la primera aplicaci\u00f3n.<\/p>\n\n\n\n<p>Tambi\u00e9n en caso de refuerzo debe contarse con el esquema completo de vacunaci\u00f3n no menor a cuatro meses.<\/p>\n\n\n\n<p>Se contabilizan m\u00e1s de 178 mil casos positivos acumulados de Covid-19 en el estado de Veracruz. Adem\u00e1s hay 400 positivos y 144 sospechosos.<\/p>\n","protected":false},"excerpt":{"rendered":"<p>Juan Arcos Xalapa, Ver.- Este martes 12 de abril fue instalado un m\u00f3dulo de vacunaci\u00f3n contra Sars-Cov-2 (Covid-19) en bajos de Palacio de Gobierno para que las personas que lo requieran completen su esquema. El puesto estar\u00e1 hasta el pr\u00f3ximo s\u00e1bado 16 de abril, en un horario de nueve de la ma\u00f1ana a tres de [&hellip;]<\/p>\n","protected":false},"author":1,"featured_media":25837,"comment_status":"open","ping_status":"open","sticky":false,"template":"","format":"standard","meta":{"_jetpack_memberships_contains_paid_content":false,"footnotes":""},"categories":[9],"tags":[],"class_list":["post-25836","post","type-post","status-publish","format-standard","has-post-thumbnail","hentry","category-salud"],"jetpack_featured_media_url":"https:\/\/encuentroinformativo.com.mx\/wp-content\/uploads\/2022\/04\/5D05DBB2-86B7-4CDA-A0D6-7837FAD564C8.jpeg","jetpack_sharing_enabled":true,"jetpack_likes_enabled":true,"amp_enabled":true,"_links":{"self":[{"href":"https:\/\/encuentroinformativo.com.mx\/index.php?rest_route=\/wp\/v2\/posts\/25836","targetHints":{"allow":["GET"]}}],"collection":[{"href":"https:\/\/encuentroinformativo.com.mx\/index.php?rest_route=\/wp\/v2\/posts"}],"about":[{"href":"https:\/\/encuentroinformativo.com.mx\/index.php?rest_route=\/wp\/v2\/types\/post"}],"author":[{"embeddable":true,"href":"https:\/\/encuentroinformativo.com.mx\/index.php?rest_route=\/wp\/v2\/users\/1"}],"replies":[{"embeddable":true,"href":"https:\/\/encuentroinformativo.com.mx\/index.php?rest_route=%2Fwp%2Fv2%2Fcomments&post=25836"}],"version-history":[{"count":1,"href":"https:\/\/encuentroinformativo.com.mx\/index.php?rest_route=\/wp\/v2\/posts\/25836\/revisions"}],"predecessor-version":[{"id":25838,"href":"https:\/\/encuentroinformativo.com.mx\/index.php?rest_route=\/wp\/v2\/posts\/25836\/revisions\/25838"}],"wp:featuredmedia":[{"embeddable":true,"href":"https:\/\/encuentroinformativo.com.mx\/index.php?rest_route=\/wp\/v2\/media\/25837"}],"wp:attachment":[{"href":"https:\/\/encuentroinformativo.com.mx\/index.php?rest_route=%2Fwp%2Fv2%2Fmedia&parent=25836"}],"wp:term":[{"taxonomy":"category","embeddable":true,"href":"https:\/\/encuentroinformativo.com.mx\/index.php?rest_route=%2Fwp%2Fv2%2Fcategories&post=25836"},{"taxonomy":"post_tag","embeddable":true,"href":"https:\/\/encuentroinformativo.com.mx\/index.php?rest_route=%2Fwp%2Fv2%2Ftags&post=25836"}],"curies":[{"name":"wp","href":"https:\/\/api.w.org\/{rel}","templated":true}]}}