{"id":25839,"date":"2022-04-12T12:18:48","date_gmt":"2022-04-12T17:18:48","guid":{"rendered":"https:\/\/encuentroinformativo.com.mx\/?p=25839"},"modified":"2022-04-12T12:18:51","modified_gmt":"2022-04-12T17:18:51","slug":"resguarda-dif-boca-del-rio-a-menor-por-presunto-maltrato-familiar","status":"publish","type":"post","link":"https:\/\/encuentroinformativo.com.mx\/?p=25839","title":{"rendered":"Resguarda DIF Boca del R\u00edo a menor por presunto maltrato familiar"},"content":{"rendered":"\n<p><strong>Alejandro \u00c1vila<\/strong><\/p>\n\n\n\n<p>Boca del R\u00edo, Ver.- Una peque\u00f1a de 12 a\u00f1os de edad se encuentra bajo el resguardo del DIF municipal de Boca del R\u00edo, tras sufrir presunto maltrato familiar, inform\u00f3 la directora, Yamileth Herrera D\u00edaz.<\/p>\n\n\n\n<p>La funcionaria municipal relat\u00f3 que, la peque\u00f1a fue encontrada este lunes al mediod\u00eda tras haber sido declarada como desaparecida con la Alerta Amber.<\/p>\n\n\n\n<p>Fueron los vecinos de la colonia Ampliaci\u00f3n Villa Rica los que dieron aviso al DIF municipal a trav\u00e9s de la Procuradur\u00eda de la Defensa del Menor; sin embargo, comentaron que hab\u00eda una situaci\u00f3n rara, pues la peque\u00f1a a pesar de estar frente a su casa no quer\u00eda entrar a la vivienda.<\/p>\n\n\n\n<p>Tras las entrevistas psicol\u00f3gicas por parte del personal del DIF Municipal de Boca del R\u00edo, se confirm\u00f3 los indicios de maltrato y posible abuso de la menor por parte de su hermano y su esposa, con quienes viv\u00eda la peque\u00f1a; ante esta situaci\u00f3n, se traslad\u00f3 a la menor a la Fiscal\u00eda Especializada para poder solicitar el resguardo de la ni\u00f1a en el albergue del DIF.<\/p>\n\n\n\n<p>&#8220;Obviamente las entrevistas psicol\u00f3gicas arrojan indicios de violencia, probablemente abuso, y entonces ah\u00ed interponemos la denuncia para poder abrir carpeta de investigaci\u00f3n, y solicitamos el resguardo temporal de la menor, y Fiscal\u00eda nos concede el resguardo. Actualmente est\u00e1 peque\u00f1ita tiene 12 a\u00f1os de edad y se encuentra ya en resguardo en el albergue del DIF Municipal de Boca del R\u00edo, y vamos a hacer todo el proceso correspondiente, ya queda en manos de las autoridades judiciales lo que siga de la carpeta&#8221;,&nbsp; apunt\u00f3.<\/p>\n\n\n\n<p>La directora del DIF Municipal dijo que es la primera situaci\u00f3n de este tipo que atienden en el 2022; y al respecto de este caso en espec\u00edfico, hab\u00eda sido su propio hermano qui\u00e9n hizo la denuncia de la desaparici\u00f3n de la menor.<\/p>\n\n\n\n<p>&#8220;El d\u00eda de hoy la peque\u00f1ita ya fue sometida periciales m\u00e9dicos, ya fue sometida a las primeras entrevistas psicol\u00f3gicas, y vamos a estar al pendiente de ella, obviamente ex\u00e1menes nutricionales, certificados m\u00e9dicos, vamos a apoyarla en todo lo que requiere, y vamos a estar de la mano siguiendo el proceso, hoy por hoy est\u00e1 en protecci\u00f3n nuestra&#8221;, resalt\u00f3.<\/p>\n","protected":false},"excerpt":{"rendered":"<p>Alejandro \u00c1vila Boca del R\u00edo, Ver.- Una peque\u00f1a de 12 a\u00f1os de edad se encuentra bajo el resguardo del DIF municipal de Boca del R\u00edo, tras sufrir presunto maltrato familiar, inform\u00f3 la directora, Yamileth Herrera D\u00edaz. La funcionaria municipal relat\u00f3 que, la peque\u00f1a fue encontrada este lunes al mediod\u00eda tras haber sido declarada como desaparecida [&hellip;]<\/p>\n","protected":false},"author":1,"featured_media":25840,"comment_status":"open","ping_status":"open","sticky":false,"template":"","format":"standard","meta":{"_jetpack_memberships_contains_paid_content":false,"footnotes":""},"categories":[2],"tags":[],"class_list":["post-25839","post","type-post","status-publish","format-standard","has-post-thumbnail","hentry","category-estado"],"jetpack_featured_media_url":"https:\/\/encuentroinformativo.com.mx\/wp-content\/uploads\/2022\/04\/F67C8944-1077-41AD-9A28-A3C099919296.jpeg","jetpack_sharing_enabled":true,"jetpack_likes_enabled":true,"amp_enabled":true,"_links":{"self":[{"href":"https:\/\/encuentroinformativo.com.mx\/index.php?rest_route=\/wp\/v2\/posts\/25839","targetHints":{"allow":["GET"]}}],"collection":[{"href":"https:\/\/encuentroinformativo.com.mx\/index.php?rest_route=\/wp\/v2\/posts"}],"about":[{"href":"https:\/\/encuentroinformativo.com.mx\/index.php?rest_route=\/wp\/v2\/types\/post"}],"author":[{"embeddable":true,"href":"https:\/\/encuentroinformativo.com.mx\/index.php?rest_route=\/wp\/v2\/users\/1"}],"replies":[{"embeddable":true,"href":"https:\/\/encuentroinformativo.com.mx\/index.php?rest_route=%2Fwp%2Fv2%2Fcomments&post=25839"}],"version-history":[{"count":1,"href":"https:\/\/encuentroinformativo.com.mx\/index.php?rest_route=\/wp\/v2\/posts\/25839\/revisions"}],"predecessor-version":[{"id":25841,"href":"https:\/\/encuentroinformativo.com.mx\/index.php?rest_route=\/wp\/v2\/posts\/25839\/revisions\/25841"}],"wp:featuredmedia":[{"embeddable":true,"href":"https:\/\/encuentroinformativo.com.mx\/index.php?rest_route=\/wp\/v2\/media\/25840"}],"wp:attachment":[{"href":"https:\/\/encuentroinformativo.com.mx\/index.php?rest_route=%2Fwp%2Fv2%2Fmedia&parent=25839"}],"wp:term":[{"taxonomy":"category","embeddable":true,"href":"https:\/\/encuentroinformativo.com.mx\/index.php?rest_route=%2Fwp%2Fv2%2Fcategories&post=25839"},{"taxonomy":"post_tag","embeddable":true,"href":"https:\/\/encuentroinformativo.com.mx\/index.php?rest_route=%2Fwp%2Fv2%2Ftags&post=25839"}],"curies":[{"name":"wp","href":"https:\/\/api.w.org\/{rel}","templated":true}]}}