{"id":25842,"date":"2022-04-12T12:36:37","date_gmt":"2022-04-12T17:36:37","guid":{"rendered":"https:\/\/encuentroinformativo.com.mx\/?p=25842"},"modified":"2022-04-12T12:36:41","modified_gmt":"2022-04-12T17:36:41","slug":"justifica-pt-baja-participacion-en-consulta-de-revocacion","status":"publish","type":"post","link":"https:\/\/encuentroinformativo.com.mx\/?p=25842","title":{"rendered":"Justifica PT baja participaci\u00f3n en Consulta de Revocaci\u00f3n"},"content":{"rendered":"\n<p><strong>Dar\u00edo Pale<\/strong><\/p>\n\n\n\n<p>Xalapa, Ver.- El Coordinador de la Comisi\u00f3n Ejecutiva Estatal del Partido del Trabajo (PT), Vicente Aguilar Aguilar dijo desconocer si hubo acarreo de personas, y justific\u00f3 la baja votaci\u00f3n porque solo se colocaron el 33 por ciento de las casillas.<\/p>\n\n\n\n<p>En conferencia de prensa, se\u00f1al\u00f3 que la consulta de la Revocaci\u00f3n del Mandato fue un hecho hist\u00f3rico ya que es la primera vez que un hombre dem\u00f3crata como lo es Andr\u00e9s Manuel L\u00f3pez Obrador lleva a cabo este tipo de ejercicio democr\u00e1tico.<\/p>\n\n\n\n<p>El obtener con el 33 por ciento de las casillas una votaci\u00f3n de aproximadamente 17 millones eso habla de la fuerza de la sociedad de las cuales cerca de 15 millones fueron a favor de que siga AMLO, eso en democracia les da buenas se\u00f1ales.<\/p>\n\n\n\n<p>En cuanto a que la votaci\u00f3n fue muy baja se\u00f1al\u00f3 que es l\u00f3gica la votaci\u00f3n est\u00e1 dentro del rubro ya que fueron \u00fanicamente el 33 por ciento de las casillas, de haber colocado el 100 por ciento de las casillas hubieran pasado de los 40 millones que se requer\u00edan.<\/p>\n\n\n\n<p>&#8220;Tener una votaci\u00f3n de 17 millones \u00fanicamente con el 33 por ciento de las casillas, tambi\u00e9n es hist\u00f3rico, hagan un ejercicio aqu\u00ed en las grandes ciudades no hay ning\u00fan problema para la votaci\u00f3n, pero v\u00e1monos a un municipio como Alto Lucero donde \u00fanicamente hubo ocho casillas&#8221;, se\u00f1al\u00f3.<\/p>\n\n\n\n<p>En cuanto al acarreo de personas coment\u00f3 que esos son se\u00f1alamientos de la burgues\u00eda, la derecha ya que no pueden determinar eso, y Veracruz aport\u00f3 casi mill\u00f3n y medio de votos a favor de AMLO y eso es hist\u00f3rico gracias al esfuerzo de los ciudadanos que participaron en dicho acto.<\/p>\n\n\n\n<p>Dijo desconocer el rellenado de las urnas y el acarreo de personas ya que de ser as\u00ed deber\u00edan de existir pruebas, por el contrario acudi\u00f3 a votar y hab\u00eda como 10 gentes y a \u00e9l no le consta nada de eso.<\/p>\n\n\n\n<p>Se\u00f1al\u00f3 que m\u00e1s adelante se deba adecuar esta revocaci\u00f3n del mandato para gobernadores, presidentes municipales, diputados locales y federales, para que la democracia sea m\u00e1s plena.<\/p>\n\n\n\n<p>Finalmente dio a conocer que debido a la baja votaci\u00f3n en la capital del estado, se deben de cuestionar el por qu\u00e9 de ese resultado, ya que en otros municipios fue m\u00e1s alta la participaci\u00f3n.<\/p>\n","protected":false},"excerpt":{"rendered":"<p>Dar\u00edo Pale Xalapa, Ver.- El Coordinador de la Comisi\u00f3n Ejecutiva Estatal del Partido del Trabajo (PT), Vicente Aguilar Aguilar dijo desconocer si hubo acarreo de personas, y justific\u00f3 la baja votaci\u00f3n porque solo se colocaron el 33 por ciento de las casillas. En conferencia de prensa, se\u00f1al\u00f3 que la consulta de la Revocaci\u00f3n del Mandato [&hellip;]<\/p>\n","protected":false},"author":1,"featured_media":25843,"comment_status":"open","ping_status":"open","sticky":false,"template":"","format":"standard","meta":{"_jetpack_memberships_contains_paid_content":false,"footnotes":""},"categories":[2],"tags":[],"class_list":["post-25842","post","type-post","status-publish","format-standard","has-post-thumbnail","hentry","category-estado"],"jetpack_featured_media_url":"https:\/\/encuentroinformativo.com.mx\/wp-content\/uploads\/2022\/04\/CF51C6F4-45D3-4652-81E7-ECE6D79BA9BE.jpeg","jetpack_sharing_enabled":true,"jetpack_likes_enabled":true,"amp_enabled":true,"_links":{"self":[{"href":"https:\/\/encuentroinformativo.com.mx\/index.php?rest_route=\/wp\/v2\/posts\/25842","targetHints":{"allow":["GET"]}}],"collection":[{"href":"https:\/\/encuentroinformativo.com.mx\/index.php?rest_route=\/wp\/v2\/posts"}],"about":[{"href":"https:\/\/encuentroinformativo.com.mx\/index.php?rest_route=\/wp\/v2\/types\/post"}],"author":[{"embeddable":true,"href":"https:\/\/encuentroinformativo.com.mx\/index.php?rest_route=\/wp\/v2\/users\/1"}],"replies":[{"embeddable":true,"href":"https:\/\/encuentroinformativo.com.mx\/index.php?rest_route=%2Fwp%2Fv2%2Fcomments&post=25842"}],"version-history":[{"count":1,"href":"https:\/\/encuentroinformativo.com.mx\/index.php?rest_route=\/wp\/v2\/posts\/25842\/revisions"}],"predecessor-version":[{"id":25844,"href":"https:\/\/encuentroinformativo.com.mx\/index.php?rest_route=\/wp\/v2\/posts\/25842\/revisions\/25844"}],"wp:featuredmedia":[{"embeddable":true,"href":"https:\/\/encuentroinformativo.com.mx\/index.php?rest_route=\/wp\/v2\/media\/25843"}],"wp:attachment":[{"href":"https:\/\/encuentroinformativo.com.mx\/index.php?rest_route=%2Fwp%2Fv2%2Fmedia&parent=25842"}],"wp:term":[{"taxonomy":"category","embeddable":true,"href":"https:\/\/encuentroinformativo.com.mx\/index.php?rest_route=%2Fwp%2Fv2%2Fcategories&post=25842"},{"taxonomy":"post_tag","embeddable":true,"href":"https:\/\/encuentroinformativo.com.mx\/index.php?rest_route=%2Fwp%2Fv2%2Ftags&post=25842"}],"curies":[{"name":"wp","href":"https:\/\/api.w.org\/{rel}","templated":true}]}}