{"id":25845,"date":"2022-04-12T12:46:02","date_gmt":"2022-04-12T17:46:02","guid":{"rendered":"https:\/\/encuentroinformativo.com.mx\/?p=25845"},"modified":"2022-04-12T12:46:06","modified_gmt":"2022-04-12T17:46:06","slug":"invitan-al-maraton-atenas-veracruzana-2022","status":"publish","type":"post","link":"https:\/\/encuentroinformativo.com.mx\/?p=25845","title":{"rendered":"Invitan al Marat\u00f3n Atenas Veracruzana 2022"},"content":{"rendered":"\n<p><strong>*Se desarrollar\u00e1 el pr\u00f3ximo domingo 24 de abril.<\/strong><\/p>\n\n\n\n<p>Xalapa, Ver.- Con el prop\u00f3sito de impulsar la pr\u00e1ctica del deporte, regresar a Xalapa su categor\u00eda de Atenas Veracruzana y fomentar la reactivaci\u00f3n econ\u00f3mica, el pr\u00f3ximo 24 de abril se desarrollar\u00e1 el marat\u00f3n Atenas Veracruzana 2022, con rutas de 42K, 21K y 5K.<\/p>\n\n\n\n<p>Acompa\u00f1ado por el director de Cultura F\u00edsica, Bertoldo Reyes Campuzano, el presidente del comit\u00e9 organizador, Sergio V\u00e1zquez Jim\u00e9nez, destac\u00f3 que en esta tercera edici\u00f3n se espera la participaci\u00f3n de entre 2 mil y 2 mil 200 atletas de la zona, el estado, otras entidades del pa\u00eds y el extranjero, quienes dejar\u00e1n una importante derrama econ\u00f3mica, ya que los deportistas no s\u00f3lo requieren hospedaje y alimentaci\u00f3n, sino tambi\u00e9n transporte y normalmente no viajan solos.<\/p>\n\n\n\n<p>Respecto de la ruta, manifest\u00f3 que la marat\u00f3n y media marat\u00f3n iniciar\u00e1 a las 6:00 horas del domingo 24 de abril, con meta y llegada en el Estadio Xalape\u00f1o \u201cHeriberto Jara Corona\u201d; el recorrido abarca las principales calles del primer cuadro de la ciudad, as\u00ed como la carretera a Coatepec hasta llegar a La Ordu\u00f1a.<\/p>\n\n\n\n<p>Sin embargo, para generar las menores afectaciones posibles se determin\u00f3 hacer la competencia en un d\u00eda no h\u00e1bil, e ir liberando al flujo vial la calles por donde ya haya pasado el contingente de corredores, para lo cual se contar\u00e1 con el apoyo de 200 elementos de corporaciones de seguridad, vialidad, protecci\u00f3n civil y entre 450 y 500 voluntarios que se desplegar\u00e1n a lo largo de la ruta, as\u00ed como con 60 veh\u00edculos motorizados. Adem\u00e1s, se tendr\u00e1n puestos de control m\u00e9dico.<\/p>\n\n\n\n<p>Ante la directora de Cultura, Karla Montano Rocher, Sergio V\u00e1zquez dio a conocer que el s\u00e1bado 23 de abril se desarrollar\u00e1 la Marat\u00f3n Kids, donde podr\u00e1n participar ni\u00f1as y ni\u00f1os de 4 a 15 a\u00f1os, y el domingo 24, durante la premiaci\u00f3n de la marat\u00f3n y media marat\u00f3n se tendr\u00e1 un concierto de la Orquesta Municipal de Xalapa<\/p>\n\n\n\n<p>El director de Cultura F\u00edsica, Bertoldo Reyes agreg\u00f3 que en el apoyo log\u00edstico, y para garantizar la salud y seguridad de los atletas y la poblaci\u00f3n colaboran diversas dependencias estatales y del Ayuntamiento, como las direcciones de Protecci\u00f3n Civil, Seguridad Ciudadana, el \u00e1rea de Desarrollo Social, grupos param\u00e9dicos e integrantes del Pentatl\u00f3n Deportivo Militarizado, entre otras, pues el evento adem\u00e1s de fomentar el deporte es una oportunidad de reactivaci\u00f3n econ\u00f3mica.<\/p>\n\n\n\n<p>Las personas interesadas pueden registrarse en l\u00ednea en la p\u00e1gina web asdeporte.com, con un costo de inscripci\u00f3n de 650 pesos para la ruta de 42K y 21K y de 300 pesos para la ruta de 5 kil\u00f3metros. Para el Marat\u00f3n Kids la inscripci\u00f3n es gratuita. Todos los participantes tendr\u00e1n derecho a una playera alusiva al evento y una medalla conmemorativa.<\/p>\n","protected":false},"excerpt":{"rendered":"<p>*Se desarrollar\u00e1 el pr\u00f3ximo domingo 24 de abril. Xalapa, Ver.- Con el prop\u00f3sito de impulsar la pr\u00e1ctica del deporte, regresar a Xalapa su categor\u00eda de Atenas Veracruzana y fomentar la reactivaci\u00f3n econ\u00f3mica, el pr\u00f3ximo 24 de abril se desarrollar\u00e1 el marat\u00f3n Atenas Veracruzana 2022, con rutas de 42K, 21K y 5K. Acompa\u00f1ado por el director [&hellip;]<\/p>\n","protected":false},"author":1,"featured_media":25846,"comment_status":"open","ping_status":"open","sticky":false,"template":"","format":"standard","meta":{"_jetpack_memberships_contains_paid_content":false,"footnotes":""},"categories":[3],"tags":[],"class_list":["post-25845","post","type-post","status-publish","format-standard","has-post-thumbnail","hentry","category-xalapa"],"jetpack_featured_media_url":"https:\/\/encuentroinformativo.com.mx\/wp-content\/uploads\/2022\/04\/7A1672C4-365F-4CD8-9849-D9BF223E6F82.jpeg","jetpack_sharing_enabled":true,"jetpack_likes_enabled":true,"amp_enabled":true,"_links":{"self":[{"href":"https:\/\/encuentroinformativo.com.mx\/index.php?rest_route=\/wp\/v2\/posts\/25845","targetHints":{"allow":["GET"]}}],"collection":[{"href":"https:\/\/encuentroinformativo.com.mx\/index.php?rest_route=\/wp\/v2\/posts"}],"about":[{"href":"https:\/\/encuentroinformativo.com.mx\/index.php?rest_route=\/wp\/v2\/types\/post"}],"author":[{"embeddable":true,"href":"https:\/\/encuentroinformativo.com.mx\/index.php?rest_route=\/wp\/v2\/users\/1"}],"replies":[{"embeddable":true,"href":"https:\/\/encuentroinformativo.com.mx\/index.php?rest_route=%2Fwp%2Fv2%2Fcomments&post=25845"}],"version-history":[{"count":1,"href":"https:\/\/encuentroinformativo.com.mx\/index.php?rest_route=\/wp\/v2\/posts\/25845\/revisions"}],"predecessor-version":[{"id":25847,"href":"https:\/\/encuentroinformativo.com.mx\/index.php?rest_route=\/wp\/v2\/posts\/25845\/revisions\/25847"}],"wp:featuredmedia":[{"embeddable":true,"href":"https:\/\/encuentroinformativo.com.mx\/index.php?rest_route=\/wp\/v2\/media\/25846"}],"wp:attachment":[{"href":"https:\/\/encuentroinformativo.com.mx\/index.php?rest_route=%2Fwp%2Fv2%2Fmedia&parent=25845"}],"wp:term":[{"taxonomy":"category","embeddable":true,"href":"https:\/\/encuentroinformativo.com.mx\/index.php?rest_route=%2Fwp%2Fv2%2Fcategories&post=25845"},{"taxonomy":"post_tag","embeddable":true,"href":"https:\/\/encuentroinformativo.com.mx\/index.php?rest_route=%2Fwp%2Fv2%2Ftags&post=25845"}],"curies":[{"name":"wp","href":"https:\/\/api.w.org\/{rel}","templated":true}]}}