{"id":25848,"date":"2022-04-12T13:02:09","date_gmt":"2022-04-12T18:02:09","guid":{"rendered":"https:\/\/encuentroinformativo.com.mx\/?p=25848"},"modified":"2022-04-12T13:02:14","modified_gmt":"2022-04-12T18:02:14","slug":"pendiente-asignacion-de-horas-para-secundarias-snte","status":"publish","type":"post","link":"https:\/\/encuentroinformativo.com.mx\/?p=25848","title":{"rendered":"Pendiente asignaci\u00f3n de horas para secundarias: SNTE"},"content":{"rendered":"\n<p><strong>Dar\u00edo Pale <\/strong><\/p>\n\n\n\n<p>Xalapa, Ver.- Miles de horas por asignar en secundarias generales y t\u00e9cnicas est\u00e1n pendientes por parte de la Secretar\u00eda de Educaci\u00f3n de Veracruz (SEV), en todo el estado, as\u00ed lo inform\u00f3 el secretario general de la Secci\u00f3n 32 del Sindicato Nacional de Trabajadores de la Educaci\u00f3n (SNTE), \u00a0Daniel Covarrubias.<\/p>\n\n\n\n<p>Entrevistado previo a la reuni\u00f3n con el secretario de Educaci\u00f3n, Zenyazen Escobar Garc\u00eda, puntualiz\u00f3 que no se han cubierto dichas horas, por lo que le expondr\u00edan al funcionario todas las plazas que hacen falta por cubrir y que los ni\u00f1os y ni\u00f1as puedan tener clases.<\/p>\n\n\n\n<p>Sin embargo, dijo desconocer cu\u00e1ntas escuelas faltan por regresar de manera presencial.<\/p>\n\n\n\n<p>\u201cNo tengo el dato, no lo tengo, todos estamos de alguna u otra manera trabajando, h\u00edbrida, unos d\u00edas s\u00ed, otros no, algunos d\u00edas completo, pero una relaci\u00f3n no la tengo&#8221;, se\u00f1al\u00f3.<\/p>\n\n\n\n<p>En otro orden de ideas, coment\u00f3 que se reunieron con el presidente de la Mesa Directiva de la C\u00e1mara de Diputados, Sergio Guti\u00e9rrez Luna, a quien le hicieron diversos planteamientos respecto de la Unidad del Sistema para la Carrera de las Maestras y los Maestros (USICAMM).<\/p>\n\n\n\n<p>\u201cTenemos que hacerlo all\u00e1 en la C\u00e1mara de Diputados para que sea reformado, el USICAMM es donde se plantean todas las convocatorias, los movimientos que se hacen, es lo que tenemos que ver c\u00f3mo los cambios de centros de trabajo que se tienen que ver reflejados ah\u00ed, sobre todo posicionar al Sindicato&#8221;, coment\u00f3.<\/p>\n\n\n\n<p>Daniel Covarrubias dijo que todav\u00eda no tiene los datos finales de la votaci\u00f3n para la renovaci\u00f3n de la Secci\u00f3n, s\u00f3lo reiter\u00f3 que gan\u00f3 tres a uno a la planilla color guinda.<\/p>\n\n\n\n<p>Finalmente dio a conocer que, &#8220;el porcentaje que tuvimos fue del 60 por ciento m\u00e1s o menos, la planilla guinda un veintitantos y los dem\u00e1s de repartieron, en n\u00fameros te mentir\u00eda si te digo un n\u00famero&#8221;.<\/p>\n","protected":false},"excerpt":{"rendered":"<p>Dar\u00edo Pale Xalapa, Ver.- Miles de horas por asignar en secundarias generales y t\u00e9cnicas est\u00e1n pendientes por parte de la Secretar\u00eda de Educaci\u00f3n de Veracruz (SEV), en todo el estado, as\u00ed lo inform\u00f3 el secretario general de la Secci\u00f3n 32 del Sindicato Nacional de Trabajadores de la Educaci\u00f3n (SNTE), \u00a0Daniel Covarrubias. Entrevistado previo a la [&hellip;]<\/p>\n","protected":false},"author":1,"featured_media":25849,"comment_status":"open","ping_status":"open","sticky":false,"template":"","format":"standard","meta":{"_jetpack_memberships_contains_paid_content":false,"footnotes":""},"categories":[2],"tags":[],"class_list":["post-25848","post","type-post","status-publish","format-standard","has-post-thumbnail","hentry","category-estado"],"jetpack_featured_media_url":"https:\/\/encuentroinformativo.com.mx\/wp-content\/uploads\/2022\/04\/6470EAFD-B2D2-4279-A70E-C0C2917A6075.jpeg","jetpack_sharing_enabled":true,"jetpack_likes_enabled":true,"amp_enabled":true,"_links":{"self":[{"href":"https:\/\/encuentroinformativo.com.mx\/index.php?rest_route=\/wp\/v2\/posts\/25848","targetHints":{"allow":["GET"]}}],"collection":[{"href":"https:\/\/encuentroinformativo.com.mx\/index.php?rest_route=\/wp\/v2\/posts"}],"about":[{"href":"https:\/\/encuentroinformativo.com.mx\/index.php?rest_route=\/wp\/v2\/types\/post"}],"author":[{"embeddable":true,"href":"https:\/\/encuentroinformativo.com.mx\/index.php?rest_route=\/wp\/v2\/users\/1"}],"replies":[{"embeddable":true,"href":"https:\/\/encuentroinformativo.com.mx\/index.php?rest_route=%2Fwp%2Fv2%2Fcomments&post=25848"}],"version-history":[{"count":1,"href":"https:\/\/encuentroinformativo.com.mx\/index.php?rest_route=\/wp\/v2\/posts\/25848\/revisions"}],"predecessor-version":[{"id":25850,"href":"https:\/\/encuentroinformativo.com.mx\/index.php?rest_route=\/wp\/v2\/posts\/25848\/revisions\/25850"}],"wp:featuredmedia":[{"embeddable":true,"href":"https:\/\/encuentroinformativo.com.mx\/index.php?rest_route=\/wp\/v2\/media\/25849"}],"wp:attachment":[{"href":"https:\/\/encuentroinformativo.com.mx\/index.php?rest_route=%2Fwp%2Fv2%2Fmedia&parent=25848"}],"wp:term":[{"taxonomy":"category","embeddable":true,"href":"https:\/\/encuentroinformativo.com.mx\/index.php?rest_route=%2Fwp%2Fv2%2Fcategories&post=25848"},{"taxonomy":"post_tag","embeddable":true,"href":"https:\/\/encuentroinformativo.com.mx\/index.php?rest_route=%2Fwp%2Fv2%2Ftags&post=25848"}],"curies":[{"name":"wp","href":"https:\/\/api.w.org\/{rel}","templated":true}]}}