{"id":25863,"date":"2022-04-12T14:00:30","date_gmt":"2022-04-12T19:00:30","guid":{"rendered":"https:\/\/encuentroinformativo.com.mx\/?p=25863"},"modified":"2022-04-12T14:00:34","modified_gmt":"2022-04-12T19:00:34","slug":"promueve-dif-de-boca-del-rio-cafe-con-causa","status":"publish","type":"post","link":"https:\/\/encuentroinformativo.com.mx\/?p=25863","title":{"rendered":"Promueve DIF de Boca del R\u00edo \u201cCaf\u00e9 con causa\u201d"},"content":{"rendered":"\n<p><strong>Alejandro \u00c1vila<\/strong><\/p>\n\n\n\n<p>Boca del R\u00edo, Ver.- Este martes por la ma\u00f1ana fue presentado el proyecto &#8220;Caf\u00e9 con Causa&#8221;, d\u00f3nde se recaudar\u00e1n fondos para dotar de lentes a los ni\u00f1os de escuelas p\u00fablicas en el municipio de Boca del R\u00edo.<\/p>\n\n\n\n<p>La presidenta del DIF de Boca del R\u00edo, Melina Rivera Robert, acompa\u00f1ada de la directora, Yamileth Herrera D\u00edaz; el alcalde Juan Manuel Unanue Abascal; y el empresario, Fernando Fern\u00e1ndez; anunciaron que los d\u00edas 29 y 30 de abril se dispondr\u00e1 un m\u00f3dulo especial de venta de caf\u00e9, d\u00f3nde lo recaudado se transformar\u00e1 el aparatos visuales para los peque\u00f1os del municipio.<\/p>\n\n\n\n<p>El m\u00f3dulo se ubicar\u00e1 afuera del caf\u00e9 de<strong> &#8220;La Parroquia&#8221; <\/strong>en el bulevar &#8220;Adolfo Ruiz Cortines&#8221;, de 9 de la ma\u00f1ana a 7 de la noche, y el monto econ\u00f3mico recaudado de la venta de caf\u00e9 negro, lechero y canillas, se emtregar\u00e1 al Ayuntamiento de Boca del R\u00edo, quien beneficiar\u00e1 a los estudiantes de escuelas p\u00fablicas.<\/p>\n\n\n\n<p>&#8220;Una vez que tengamos una copiosa recaudaci\u00f3n, porque esa es la meta, la finalidad es poder dirigirnos a todas las escuelas p\u00fablicas, una vez que est\u00e1s ya se encuentren tambi\u00e9n en su totalidad en clases, para poder hacer la revisi\u00f3n desde las escuelas. Es muy importante hacerlo ah\u00ed, porque a veces los padres de familia no se pueden dirigir a llevarlos a un examen, porque a veces pap\u00e1 y mam\u00e1 no saben que el ni\u00f1o no ve, el ni\u00f1o no ve porque la maestra es la que se da cuenta que no hay un aprendizaje, qu\u00e9 hay una distracci\u00f3n, entonces es muy importante que nosotros los vayamos a buscar, realmente no queremos que ellos acuden a nosotros, lo que vamos a hacer es irlos a buscar&#8221;, apunt\u00f3 la directora del DIF Municipal de Boca del R\u00edo, Yamileth Herrera D\u00edaz.<\/p>\n\n\n\n<p>La funcionaria municipal aclar\u00f3 que, una vez obtenido el ingreso de las donaciones, realizar\u00e1n los examenes visuales en todas las escuelas primarias p\u00fablicas del municipio de Boca del R\u00edo, en compa\u00f1\u00eda de la direcci\u00f3n de Educaci\u00f3n.<\/p>\n","protected":false},"excerpt":{"rendered":"<p>Alejandro \u00c1vila Boca del R\u00edo, Ver.- Este martes por la ma\u00f1ana fue presentado el proyecto &#8220;Caf\u00e9 con Causa&#8221;, d\u00f3nde se recaudar\u00e1n fondos para dotar de lentes a los ni\u00f1os de escuelas p\u00fablicas en el municipio de Boca del R\u00edo. La presidenta del DIF de Boca del R\u00edo, Melina Rivera Robert, acompa\u00f1ada de la directora, Yamileth [&hellip;]<\/p>\n","protected":false},"author":1,"featured_media":25864,"comment_status":"open","ping_status":"open","sticky":false,"template":"","format":"standard","meta":{"_jetpack_memberships_contains_paid_content":false,"footnotes":""},"categories":[2],"tags":[],"class_list":["post-25863","post","type-post","status-publish","format-standard","has-post-thumbnail","hentry","category-estado"],"jetpack_featured_media_url":"https:\/\/encuentroinformativo.com.mx\/wp-content\/uploads\/2022\/04\/D2D801D3-9B95-41C4-B1C2-5C4AD5B1AD02.jpeg","jetpack_sharing_enabled":true,"jetpack_likes_enabled":true,"amp_enabled":true,"_links":{"self":[{"href":"https:\/\/encuentroinformativo.com.mx\/index.php?rest_route=\/wp\/v2\/posts\/25863","targetHints":{"allow":["GET"]}}],"collection":[{"href":"https:\/\/encuentroinformativo.com.mx\/index.php?rest_route=\/wp\/v2\/posts"}],"about":[{"href":"https:\/\/encuentroinformativo.com.mx\/index.php?rest_route=\/wp\/v2\/types\/post"}],"author":[{"embeddable":true,"href":"https:\/\/encuentroinformativo.com.mx\/index.php?rest_route=\/wp\/v2\/users\/1"}],"replies":[{"embeddable":true,"href":"https:\/\/encuentroinformativo.com.mx\/index.php?rest_route=%2Fwp%2Fv2%2Fcomments&post=25863"}],"version-history":[{"count":1,"href":"https:\/\/encuentroinformativo.com.mx\/index.php?rest_route=\/wp\/v2\/posts\/25863\/revisions"}],"predecessor-version":[{"id":25865,"href":"https:\/\/encuentroinformativo.com.mx\/index.php?rest_route=\/wp\/v2\/posts\/25863\/revisions\/25865"}],"wp:featuredmedia":[{"embeddable":true,"href":"https:\/\/encuentroinformativo.com.mx\/index.php?rest_route=\/wp\/v2\/media\/25864"}],"wp:attachment":[{"href":"https:\/\/encuentroinformativo.com.mx\/index.php?rest_route=%2Fwp%2Fv2%2Fmedia&parent=25863"}],"wp:term":[{"taxonomy":"category","embeddable":true,"href":"https:\/\/encuentroinformativo.com.mx\/index.php?rest_route=%2Fwp%2Fv2%2Fcategories&post=25863"},{"taxonomy":"post_tag","embeddable":true,"href":"https:\/\/encuentroinformativo.com.mx\/index.php?rest_route=%2Fwp%2Fv2%2Ftags&post=25863"}],"curies":[{"name":"wp","href":"https:\/\/api.w.org\/{rel}","templated":true}]}}