{"id":25866,"date":"2022-04-12T14:17:47","date_gmt":"2022-04-12T19:17:47","guid":{"rendered":"https:\/\/encuentroinformativo.com.mx\/?p=25866"},"modified":"2022-04-12T14:17:50","modified_gmt":"2022-04-12T19:17:50","slug":"sin-fecha-para-tandeos-en-xalapa-alcalde","status":"publish","type":"post","link":"https:\/\/encuentroinformativo.com.mx\/?p=25866","title":{"rendered":"Sin fecha para tandeos en Xalapa: Alcalde"},"content":{"rendered":"\n<p><strong>Juan Arcos <\/strong><\/p>\n\n\n\n<p>Xalapa, Ver.- El ayuntamiento de Xalapa a\u00fan no ha establecido una fecha para el inicio del programa de tandeos durante esta temporada de estiaje.<\/p>\n\n\n\n<p>As\u00ed lo confirm\u00f3 el alcalde de Xalapa, Ricardo Ahued Bardahuil, quien a\u00f1adi\u00f3 que los cortes parciales al servicio de agua potable se realizar\u00e1 con base en el comportamiento de lluvias.<\/p>\n\n\n\n<p>El edil enfatiz\u00f3 que el programa tiene el objetivo de racionar el agua con consciencia, sin perjudicar a colonias para beneficiar a otras.<\/p>\n\n\n\n<p>\u201cLos haremos con consciencia, pidi\u00e9ndole a la gente que nos ayude y cuidando que todas las personas tengan abasto del l\u00edquido sin problema, siempre y cuando haciendo las regulaciones para no dejar a alguna zona sin el l\u00edquido tan importante&#8221;, destac\u00f3.<\/p>\n\n\n\n<p>Ahued Bardahuil refiri\u00f3 que en pr\u00f3ximos d\u00edas la Comisi\u00f3n Municipal de Agua y Saneamiento (CMAS) dar\u00e1 a conocer el calendario correspondiente para que la poblaci\u00f3n tenga conocimiento de dicha situaci\u00f3n.<\/p>\n\n\n\n<p>\u201cSe tiene que hacer consistente, con la misma seriedad, revisando los tanques, la capacidad de los mismos&#8221;, detall\u00f3 el Presidente Municipal.<\/p>\n\n\n\n<p>El Alcalde de Xalapa enfatiz\u00f3 que el agua ser\u00e1 racionada con responsabilidad para que los ciudadanos no se queden sin el servicio, de manera prolongada.<\/p>\n","protected":false},"excerpt":{"rendered":"<p>Juan Arcos Xalapa, Ver.- El ayuntamiento de Xalapa a\u00fan no ha establecido una fecha para el inicio del programa de tandeos durante esta temporada de estiaje. As\u00ed lo confirm\u00f3 el alcalde de Xalapa, Ricardo Ahued Bardahuil, quien a\u00f1adi\u00f3 que los cortes parciales al servicio de agua potable se realizar\u00e1 con base en el comportamiento de [&hellip;]<\/p>\n","protected":false},"author":1,"featured_media":25867,"comment_status":"open","ping_status":"open","sticky":false,"template":"","format":"standard","meta":{"_jetpack_memberships_contains_paid_content":false,"footnotes":""},"categories":[3],"tags":[],"class_list":["post-25866","post","type-post","status-publish","format-standard","has-post-thumbnail","hentry","category-xalapa"],"jetpack_featured_media_url":"https:\/\/encuentroinformativo.com.mx\/wp-content\/uploads\/2022\/04\/C8D4FCFC-DA0D-402D-8C1E-96BC48A68170.jpeg","jetpack_sharing_enabled":true,"jetpack_likes_enabled":true,"amp_enabled":true,"_links":{"self":[{"href":"https:\/\/encuentroinformativo.com.mx\/index.php?rest_route=\/wp\/v2\/posts\/25866","targetHints":{"allow":["GET"]}}],"collection":[{"href":"https:\/\/encuentroinformativo.com.mx\/index.php?rest_route=\/wp\/v2\/posts"}],"about":[{"href":"https:\/\/encuentroinformativo.com.mx\/index.php?rest_route=\/wp\/v2\/types\/post"}],"author":[{"embeddable":true,"href":"https:\/\/encuentroinformativo.com.mx\/index.php?rest_route=\/wp\/v2\/users\/1"}],"replies":[{"embeddable":true,"href":"https:\/\/encuentroinformativo.com.mx\/index.php?rest_route=%2Fwp%2Fv2%2Fcomments&post=25866"}],"version-history":[{"count":1,"href":"https:\/\/encuentroinformativo.com.mx\/index.php?rest_route=\/wp\/v2\/posts\/25866\/revisions"}],"predecessor-version":[{"id":25868,"href":"https:\/\/encuentroinformativo.com.mx\/index.php?rest_route=\/wp\/v2\/posts\/25866\/revisions\/25868"}],"wp:featuredmedia":[{"embeddable":true,"href":"https:\/\/encuentroinformativo.com.mx\/index.php?rest_route=\/wp\/v2\/media\/25867"}],"wp:attachment":[{"href":"https:\/\/encuentroinformativo.com.mx\/index.php?rest_route=%2Fwp%2Fv2%2Fmedia&parent=25866"}],"wp:term":[{"taxonomy":"category","embeddable":true,"href":"https:\/\/encuentroinformativo.com.mx\/index.php?rest_route=%2Fwp%2Fv2%2Fcategories&post=25866"},{"taxonomy":"post_tag","embeddable":true,"href":"https:\/\/encuentroinformativo.com.mx\/index.php?rest_route=%2Fwp%2Fv2%2Ftags&post=25866"}],"curies":[{"name":"wp","href":"https:\/\/api.w.org\/{rel}","templated":true}]}}