{"id":25872,"date":"2022-04-12T15:57:48","date_gmt":"2022-04-12T20:57:48","guid":{"rendered":"https:\/\/encuentroinformativo.com.mx\/?p=25872"},"modified":"2022-04-12T15:57:51","modified_gmt":"2022-04-12T20:57:51","slug":"detenidos-por-ultrajes-son-liberados-afirma-magistrada","status":"publish","type":"post","link":"https:\/\/encuentroinformativo.com.mx\/?p=25872","title":{"rendered":"Detenidos por ultrajes son liberados, afirma Magistrada"},"content":{"rendered":"\n<p><strong>Dar\u00edo Pale<\/strong><\/p>\n\n\n\n<p>Xalapa, Ver.- La magistrada presidenta del Tribunal Superior de Justicia del Estado (TSJE), Isabel Ines Romero Cruz, neg\u00f3 que haya retraso en las audiencias para liberar a los imputados por el delito de ultrajes a la autoridad, aunque desconoce cu\u00e1ntos han salido libres.<\/p>\n\n\n\n<p>En entrevista se\u00f1al\u00f3 que ya le extendieron el tiempo hasta el mes de noviembre para terminar los trabajos al frente del TSJE, no les har\u00e1 falta una ampliaci\u00f3n presupuestal para reparar los da\u00f1os en los juzgados.<\/p>\n\n\n\n<p>En cuanto a los se\u00f1alamientos de varias barras de abogados donde le podr\u00edan fincar responsabilidades por la negativa de algunos jueces para dar audiencias y liberar a personas que fueron imputadas por el delito de ultrajes a la autoridad.<\/p>\n\n\n\n<p>Solo se limit\u00f3 a contestar que ya est\u00e1n saliendo, no tiene la cifra exacta pero ya se est\u00e1n realizando las audiencias y no se le est\u00e1 negando nada a nadie y que ya est\u00e1n saliendo.<\/p>\n\n\n\n<p>&#8220;Yo me siento tranquila, si he hecho buen trabajo creo yo, no he hecho nada malo me voy con la frente en alto el d\u00eda que me valla y a mirar a los ojos&#8221;, coment\u00f3.<\/p>\n\n\n\n<p>Finalmente reiter\u00f3 que seguir\u00e1n trabajando de forma coordinada con todas las dependencias.<\/p>\n","protected":false},"excerpt":{"rendered":"<p>Dar\u00edo Pale Xalapa, Ver.- La magistrada presidenta del Tribunal Superior de Justicia del Estado (TSJE), Isabel Ines Romero Cruz, neg\u00f3 que haya retraso en las audiencias para liberar a los imputados por el delito de ultrajes a la autoridad, aunque desconoce cu\u00e1ntos han salido libres. En entrevista se\u00f1al\u00f3 que ya le extendieron el tiempo hasta [&hellip;]<\/p>\n","protected":false},"author":1,"featured_media":25873,"comment_status":"open","ping_status":"open","sticky":false,"template":"","format":"standard","meta":{"_jetpack_memberships_contains_paid_content":false,"footnotes":""},"categories":[2],"tags":[],"class_list":["post-25872","post","type-post","status-publish","format-standard","has-post-thumbnail","hentry","category-estado"],"jetpack_featured_media_url":"https:\/\/encuentroinformativo.com.mx\/wp-content\/uploads\/2022\/04\/B0FFA9EC-8E9E-4ACB-A3AB-8A3A4B6348F1.jpeg","jetpack_sharing_enabled":true,"jetpack_likes_enabled":true,"amp_enabled":true,"_links":{"self":[{"href":"https:\/\/encuentroinformativo.com.mx\/index.php?rest_route=\/wp\/v2\/posts\/25872","targetHints":{"allow":["GET"]}}],"collection":[{"href":"https:\/\/encuentroinformativo.com.mx\/index.php?rest_route=\/wp\/v2\/posts"}],"about":[{"href":"https:\/\/encuentroinformativo.com.mx\/index.php?rest_route=\/wp\/v2\/types\/post"}],"author":[{"embeddable":true,"href":"https:\/\/encuentroinformativo.com.mx\/index.php?rest_route=\/wp\/v2\/users\/1"}],"replies":[{"embeddable":true,"href":"https:\/\/encuentroinformativo.com.mx\/index.php?rest_route=%2Fwp%2Fv2%2Fcomments&post=25872"}],"version-history":[{"count":1,"href":"https:\/\/encuentroinformativo.com.mx\/index.php?rest_route=\/wp\/v2\/posts\/25872\/revisions"}],"predecessor-version":[{"id":25874,"href":"https:\/\/encuentroinformativo.com.mx\/index.php?rest_route=\/wp\/v2\/posts\/25872\/revisions\/25874"}],"wp:featuredmedia":[{"embeddable":true,"href":"https:\/\/encuentroinformativo.com.mx\/index.php?rest_route=\/wp\/v2\/media\/25873"}],"wp:attachment":[{"href":"https:\/\/encuentroinformativo.com.mx\/index.php?rest_route=%2Fwp%2Fv2%2Fmedia&parent=25872"}],"wp:term":[{"taxonomy":"category","embeddable":true,"href":"https:\/\/encuentroinformativo.com.mx\/index.php?rest_route=%2Fwp%2Fv2%2Fcategories&post=25872"},{"taxonomy":"post_tag","embeddable":true,"href":"https:\/\/encuentroinformativo.com.mx\/index.php?rest_route=%2Fwp%2Fv2%2Ftags&post=25872"}],"curies":[{"name":"wp","href":"https:\/\/api.w.org\/{rel}","templated":true}]}}