{"id":25878,"date":"2022-04-12T16:13:52","date_gmt":"2022-04-12T21:13:52","guid":{"rendered":"https:\/\/encuentroinformativo.com.mx\/?p=25878"},"modified":"2022-04-12T16:13:55","modified_gmt":"2022-04-12T21:13:55","slug":"acudio-gobernador-a-refuerzo-covid","status":"publish","type":"post","link":"https:\/\/encuentroinformativo.com.mx\/?p=25878","title":{"rendered":"Acudi\u00f3 gobernador a refuerzo Covid"},"content":{"rendered":"\n<p>Xalapa, Ver.- El gobernador Cuitl\u00e1huac Garc\u00eda Jim\u00e9nez acudi\u00f3 al complejo Omega para recibir la tercera dosis de la vacuna contra Covid.<\/p>\n\n\n\n<p>En entrevista inform\u00f3 que tras la reuni\u00f3n con el presidente de la Rep\u00fablica, Andres Manuel L\u00f3pez Obrador y autoridades de salud federales se dio a conocer los pormenores del programa de integraci\u00f3n de los Servicios de Salud al IMSS Bienestar para ampliar la atenci\u00f3n m\u00e9dica.<\/p>\n","protected":false},"excerpt":{"rendered":"<p>Xalapa, Ver.- El gobernador Cuitl\u00e1huac Garc\u00eda Jim\u00e9nez acudi\u00f3 al complejo Omega para recibir la tercera dosis de la vacuna contra Covid. En entrevista inform\u00f3 que tras la reuni\u00f3n con el presidente de la Rep\u00fablica, Andres Manuel L\u00f3pez Obrador y autoridades de salud federales se dio a conocer los pormenores del programa de integraci\u00f3n de los [&hellip;]<\/p>\n","protected":false},"author":1,"featured_media":25879,"comment_status":"open","ping_status":"open","sticky":false,"template":"","format":"standard","meta":{"_jetpack_memberships_contains_paid_content":false,"footnotes":""},"categories":[9],"tags":[],"class_list":["post-25878","post","type-post","status-publish","format-standard","has-post-thumbnail","hentry","category-salud"],"jetpack_featured_media_url":"https:\/\/encuentroinformativo.com.mx\/wp-content\/uploads\/2022\/04\/147DCBA8-C84E-40BF-9B4B-ACFF8772437E.jpeg","jetpack_sharing_enabled":true,"jetpack_likes_enabled":true,"amp_enabled":true,"_links":{"self":[{"href":"https:\/\/encuentroinformativo.com.mx\/index.php?rest_route=\/wp\/v2\/posts\/25878","targetHints":{"allow":["GET"]}}],"collection":[{"href":"https:\/\/encuentroinformativo.com.mx\/index.php?rest_route=\/wp\/v2\/posts"}],"about":[{"href":"https:\/\/encuentroinformativo.com.mx\/index.php?rest_route=\/wp\/v2\/types\/post"}],"author":[{"embeddable":true,"href":"https:\/\/encuentroinformativo.com.mx\/index.php?rest_route=\/wp\/v2\/users\/1"}],"replies":[{"embeddable":true,"href":"https:\/\/encuentroinformativo.com.mx\/index.php?rest_route=%2Fwp%2Fv2%2Fcomments&post=25878"}],"version-history":[{"count":1,"href":"https:\/\/encuentroinformativo.com.mx\/index.php?rest_route=\/wp\/v2\/posts\/25878\/revisions"}],"predecessor-version":[{"id":25880,"href":"https:\/\/encuentroinformativo.com.mx\/index.php?rest_route=\/wp\/v2\/posts\/25878\/revisions\/25880"}],"wp:featuredmedia":[{"embeddable":true,"href":"https:\/\/encuentroinformativo.com.mx\/index.php?rest_route=\/wp\/v2\/media\/25879"}],"wp:attachment":[{"href":"https:\/\/encuentroinformativo.com.mx\/index.php?rest_route=%2Fwp%2Fv2%2Fmedia&parent=25878"}],"wp:term":[{"taxonomy":"category","embeddable":true,"href":"https:\/\/encuentroinformativo.com.mx\/index.php?rest_route=%2Fwp%2Fv2%2Fcategories&post=25878"},{"taxonomy":"post_tag","embeddable":true,"href":"https:\/\/encuentroinformativo.com.mx\/index.php?rest_route=%2Fwp%2Fv2%2Ftags&post=25878"}],"curies":[{"name":"wp","href":"https:\/\/api.w.org\/{rel}","templated":true}]}}