{"id":25891,"date":"2022-04-13T10:45:44","date_gmt":"2022-04-13T15:45:44","guid":{"rendered":"https:\/\/encuentroinformativo.com.mx\/?p=25891"},"modified":"2022-04-13T10:45:48","modified_gmt":"2022-04-13T15:45:48","slug":"cambio-de-votacion-de-reforma-energetica-es-estrategia-acusa-senador","status":"publish","type":"post","link":"https:\/\/encuentroinformativo.com.mx\/?p=25891","title":{"rendered":"Cambio de votaci\u00f3n de Reforma Energ\u00e9tica es estrategia acusa Senador"},"content":{"rendered":"\n<p><strong>Alejandro \u00c1vila<\/strong><\/p>\n\n\n\n<p>Veracruz, Ver.- El cambio al pr\u00f3ximo domingo 17 de abril para la votaci\u00f3n de la Reforma Energ\u00e9tica, presume una estrategia del Grupo Legislativo de Morena, para provocar una ausencia de los diputados de oposici\u00f3n, acus\u00f3 el Senador Julen Rementer\u00eda del Puerto.<\/p>\n\n\n\n<p>Es de mencionar que, por iniciativa de los diputados de Morena, la Junta de Coordinaci\u00f3n Pol\u00edtica (JUCOPO) de la C\u00e1mara de Diputados a nivel Federal, hizo el cambio de la votaci\u00f3n que deb\u00eda realizarse este martes 12 de abril, al domingo 17 de abril a las 10 de la ma\u00f1ana, para lo cual deber\u00e1n de pasar lista los Legisladores a las 8 de la ma\u00f1ana.<\/p>\n\n\n\n<p>&#8220;Me parece un acto retardatario, un acto que no tiene explicaci\u00f3n, he escuchado con atenci\u00f3n las declaraciones de diputadas y diputados federales de distintos partidos, y la verdad es que me parece que atiende m\u00e1s una estrategia para intentar, tal vez, provocar la ausencia de legisladores de oposici\u00f3n, por qu\u00e9 saben no van a votar por una reforma t\u00f3xica para M\u00e9xico y entonces buscar\u00edan, tal vez, hacerlo as\u00ed, me parece realmente absurdo, saben que la reforma ya est\u00e1 lista para votarla o el dictamen pues, y lo \u00fanico que necesitan es hacerlo, para que ya se consuma esto y detener est\u00e1 pretendida reforma, qu\u00e9 significar\u00eda un gran retroceso para el pa\u00eds&#8221;, remat\u00f3.<\/p>\n\n\n\n<p>Es de mencionar que, el Grupo Legislativo de Morena, a\u00fan con sus aliados del Verde Ecologista (PVEM) y Partido del Trabajo (PT), no cuentan con la mayor\u00eda calificada para lograr qu\u00e9 la reforma avance, por lo que presuntamente se espera qu\u00e9, con el retraso, se logre persuadir a algunos diputados de oposici\u00f3n.<\/p>\n\n\n\n<p>Las bancadas del PRI, PAN y PRD, que conforman la alianza &#8220;Va Por M\u00e9xico&#8221;, han asegurado qu\u00e9 pernoctar\u00e1n afuera de la sede Legislativa para evitar alguna artima\u00f1a de los morenistas, qu\u00e9 les impide ingresar a la C\u00e1mara de Diputados el pr\u00f3ximo domingo.<\/p>\n","protected":false},"excerpt":{"rendered":"<p>Alejandro \u00c1vila Veracruz, Ver.- El cambio al pr\u00f3ximo domingo 17 de abril para la votaci\u00f3n de la Reforma Energ\u00e9tica, presume una estrategia del Grupo Legislativo de Morena, para provocar una ausencia de los diputados de oposici\u00f3n, acus\u00f3 el Senador Julen Rementer\u00eda del Puerto. Es de mencionar que, por iniciativa de los diputados de Morena, la [&hellip;]<\/p>\n","protected":false},"author":1,"featured_media":25892,"comment_status":"open","ping_status":"open","sticky":false,"template":"","format":"standard","meta":{"_jetpack_memberships_contains_paid_content":false,"footnotes":""},"categories":[12],"tags":[],"class_list":["post-25891","post","type-post","status-publish","format-standard","has-post-thumbnail","hentry","category-nacional"],"jetpack_featured_media_url":"https:\/\/encuentroinformativo.com.mx\/wp-content\/uploads\/2022\/04\/B8D7D23A-99CA-4122-AC5E-8AB2B039063A.jpeg","jetpack_sharing_enabled":true,"jetpack_likes_enabled":true,"amp_enabled":true,"_links":{"self":[{"href":"https:\/\/encuentroinformativo.com.mx\/index.php?rest_route=\/wp\/v2\/posts\/25891","targetHints":{"allow":["GET"]}}],"collection":[{"href":"https:\/\/encuentroinformativo.com.mx\/index.php?rest_route=\/wp\/v2\/posts"}],"about":[{"href":"https:\/\/encuentroinformativo.com.mx\/index.php?rest_route=\/wp\/v2\/types\/post"}],"author":[{"embeddable":true,"href":"https:\/\/encuentroinformativo.com.mx\/index.php?rest_route=\/wp\/v2\/users\/1"}],"replies":[{"embeddable":true,"href":"https:\/\/encuentroinformativo.com.mx\/index.php?rest_route=%2Fwp%2Fv2%2Fcomments&post=25891"}],"version-history":[{"count":1,"href":"https:\/\/encuentroinformativo.com.mx\/index.php?rest_route=\/wp\/v2\/posts\/25891\/revisions"}],"predecessor-version":[{"id":25893,"href":"https:\/\/encuentroinformativo.com.mx\/index.php?rest_route=\/wp\/v2\/posts\/25891\/revisions\/25893"}],"wp:featuredmedia":[{"embeddable":true,"href":"https:\/\/encuentroinformativo.com.mx\/index.php?rest_route=\/wp\/v2\/media\/25892"}],"wp:attachment":[{"href":"https:\/\/encuentroinformativo.com.mx\/index.php?rest_route=%2Fwp%2Fv2%2Fmedia&parent=25891"}],"wp:term":[{"taxonomy":"category","embeddable":true,"href":"https:\/\/encuentroinformativo.com.mx\/index.php?rest_route=%2Fwp%2Fv2%2Fcategories&post=25891"},{"taxonomy":"post_tag","embeddable":true,"href":"https:\/\/encuentroinformativo.com.mx\/index.php?rest_route=%2Fwp%2Fv2%2Ftags&post=25891"}],"curies":[{"name":"wp","href":"https:\/\/api.w.org\/{rel}","templated":true}]}}