{"id":25894,"date":"2022-04-13T10:49:24","date_gmt":"2022-04-13T15:49:24","guid":{"rendered":"https:\/\/encuentroinformativo.com.mx\/?p=25894"},"modified":"2022-04-13T10:49:28","modified_gmt":"2022-04-13T15:49:28","slug":"regidores-de-morena-van-contra-concesion-de-grupo-mas","status":"publish","type":"post","link":"https:\/\/encuentroinformativo.com.mx\/?p=25894","title":{"rendered":"Regidores de Morena van contra concesi\u00f3n de Grupo MAS"},"content":{"rendered":"\n<p><strong>Alejandro \u00c1vila<\/strong> <\/p>\n\n\n\n<p>Medell\u00edn de Bravo, Ver.- Ante el creciente n\u00famero de denuncias sobre la empresa privada Grupo MAS, regidores de Morena buscan eliminar la concesi\u00f3n que se le tiene otorgada para administrar el agua en los municipios de Veracruz y Medell\u00edn de Bravo.<\/p>\n\n\n\n<p>La regidora del Ayuntamiento de Veracruz, Lissette Mart\u00ednez Echeverr\u00eda, acus\u00f3 qu\u00e9 cada d\u00eda existen cortes de agua en diversas colonias que dejan sin el l\u00edquido a decenas de familias, aunado a ello, existen cobros exagerados de un evidente mal servicio.<\/p>\n\n\n\n<p>Este martes, en compa\u00f1\u00eda del diputado local, Fernando Arteaga Aponte, y de los regidores Daniel Mart\u00edn Lois y Sebasti\u00e1n Cano, entregaron un exhorto en las oficinas del Instituto Municipal de Agua (IMA), \u00f3rgano rector de Grupo MAS, a qui\u00e9n se le solicito poner especial atenci\u00f3n en las afectaciones que da la empresa a la ciudadan\u00eda.<\/p>\n\n\n\n<p>Este mi\u00e9rcoles, acudir\u00e1n a hacer lo propio al Ayuntamiento de Medell\u00edn de Bravo, recordando qu\u00e9, la semana anterior como parte de la orden resolutiva dictada en la asamblea de la Junta de Coordinaci\u00f3n Pol\u00edtica (JUCOPO) en el Congreso de Veracruz, se iniciaron las acciones necesarias para garantizar el servicio de suministro de agua y taponeo de drenaje de aguas residuales, en los municipios antes mencionados.<\/p>\n\n\n\n<p>En el documento se\u00f1alaron indispensable dar el suministro de agua potable y saneamiento a los residentes de los municipios de Veracruz y Medell\u00edn de Bravo, toda vez que en el art\u00edculo 4 de la Carta Magna se establece que es un derecho de todos los mexicanos disponer de agua suficiente, salubre, aceptable, accesible y asequible.&nbsp;<\/p>\n\n\n\n<p>\u201cA los veracruzanos, jam\u00e1s nadie va a venir a vernos la cara, ni nos va a dar el agua cochina, chocolatosa, ni nos van a cobrar altos costos por agua podrida y sucia\u201d, expres\u00f3 la edil, Lissette Mart\u00ednez.<\/p>\n\n\n\n<p>Por \u00faltimo, Mart\u00ednez Echeverr\u00eda dijo que se est\u00e1 avanzando, ya que este exhorto es el primer paso logrado en menos de un a\u00f1o.<\/p>\n","protected":false},"excerpt":{"rendered":"<p>Alejandro \u00c1vila Medell\u00edn de Bravo, Ver.- Ante el creciente n\u00famero de denuncias sobre la empresa privada Grupo MAS, regidores de Morena buscan eliminar la concesi\u00f3n que se le tiene otorgada para administrar el agua en los municipios de Veracruz y Medell\u00edn de Bravo. La regidora del Ayuntamiento de Veracruz, Lissette Mart\u00ednez Echeverr\u00eda, acus\u00f3 qu\u00e9 cada [&hellip;]<\/p>\n","protected":false},"author":1,"featured_media":25895,"comment_status":"open","ping_status":"open","sticky":false,"template":"","format":"standard","meta":{"_jetpack_memberships_contains_paid_content":false,"footnotes":""},"categories":[2],"tags":[],"class_list":["post-25894","post","type-post","status-publish","format-standard","has-post-thumbnail","hentry","category-estado"],"jetpack_featured_media_url":"https:\/\/encuentroinformativo.com.mx\/wp-content\/uploads\/2022\/04\/43CFC523-6A9A-43FE-B65D-5AC6119CF418.jpeg","jetpack_sharing_enabled":true,"jetpack_likes_enabled":true,"amp_enabled":true,"_links":{"self":[{"href":"https:\/\/encuentroinformativo.com.mx\/index.php?rest_route=\/wp\/v2\/posts\/25894","targetHints":{"allow":["GET"]}}],"collection":[{"href":"https:\/\/encuentroinformativo.com.mx\/index.php?rest_route=\/wp\/v2\/posts"}],"about":[{"href":"https:\/\/encuentroinformativo.com.mx\/index.php?rest_route=\/wp\/v2\/types\/post"}],"author":[{"embeddable":true,"href":"https:\/\/encuentroinformativo.com.mx\/index.php?rest_route=\/wp\/v2\/users\/1"}],"replies":[{"embeddable":true,"href":"https:\/\/encuentroinformativo.com.mx\/index.php?rest_route=%2Fwp%2Fv2%2Fcomments&post=25894"}],"version-history":[{"count":1,"href":"https:\/\/encuentroinformativo.com.mx\/index.php?rest_route=\/wp\/v2\/posts\/25894\/revisions"}],"predecessor-version":[{"id":25896,"href":"https:\/\/encuentroinformativo.com.mx\/index.php?rest_route=\/wp\/v2\/posts\/25894\/revisions\/25896"}],"wp:featuredmedia":[{"embeddable":true,"href":"https:\/\/encuentroinformativo.com.mx\/index.php?rest_route=\/wp\/v2\/media\/25895"}],"wp:attachment":[{"href":"https:\/\/encuentroinformativo.com.mx\/index.php?rest_route=%2Fwp%2Fv2%2Fmedia&parent=25894"}],"wp:term":[{"taxonomy":"category","embeddable":true,"href":"https:\/\/encuentroinformativo.com.mx\/index.php?rest_route=%2Fwp%2Fv2%2Fcategories&post=25894"},{"taxonomy":"post_tag","embeddable":true,"href":"https:\/\/encuentroinformativo.com.mx\/index.php?rest_route=%2Fwp%2Fv2%2Ftags&post=25894"}],"curies":[{"name":"wp","href":"https:\/\/api.w.org\/{rel}","templated":true}]}}