{"id":25900,"date":"2022-04-12T19:03:23","date_gmt":"2022-04-13T00:03:23","guid":{"rendered":"https:\/\/encuentroinformativo.com.mx\/?p=25900"},"modified":"2022-04-13T11:08:03","modified_gmt":"2022-04-13T16:08:03","slug":"inicia-alcalde-jm-unanue-la-campana-de-salud-visual-infantil-cafe-con-causa","status":"publish","type":"post","link":"https:\/\/encuentroinformativo.com.mx\/?p=25900","title":{"rendered":"Inicia Alcalde JM Un\u00e1nue la campa\u00f1a de salud visual infantil, \u201cCaf\u00e9 con causa\u201d"},"content":{"rendered":"\n<p><strong>*El DIF de Boca del R\u00edo la realizar\u00e1 de manera conjunta con el Gran Caf\u00e9 de La Parroquia.<\/strong><\/p>\n\n\n\n<p><strong>*Con lo recaudado con la venta de caf\u00e9, en un m\u00f3dulo especial el 29 y 30 de abril, se realizar\u00e1n estudios y se dotar\u00e1n de lentes gratuitos a ni\u00f1os de las escuelas primarias p\u00fablicas del municipio.<\/strong><\/p>\n\n\n\n<p>Boca del R\u00edo, Ver.- El alcalde Juan Manuel Un\u00e1nue dio a conocer el inicio de la campa\u00f1a de salud visual infantil \u201cCaf\u00e9 con causa\u201d, que realizar\u00e1n de manera conjunta el DIF de Boca del R\u00edo y el Gran Caf\u00e9 de la Parroquia.<\/p>\n\n\n\n<p>En conferencia de prensa, agradeci\u00f3 a la familia Fern\u00e1ndez por este apoyo y dijo que se espera una recaudaci\u00f3n importante para hacer los estudios y dotar de lentes a todos los ni\u00f1os de escasos recursos de las escuelas primarias p\u00fablicas del municipio.<\/p>\n\n\n\n<p>Por su parte, la Presidenta del DIF municipal de Boca del R\u00edo, Melina Robert de Un\u00e1nue, inform\u00f3 que esta es la primera campa\u00f1a en la que el voluntariado estar\u00e1 participando activamente y est\u00e1 segura que ser\u00e1 todo un \u00e9xito.<\/p>\n\n\n\n<p>\u201cSi algo nos distingue a los boque\u00f1os son las ganas de ayudar y sobre todo por una causa tan noble como es la salud visual infantil\u201d.<\/p>\n\n\n\n<p>Hizo un llamado a la ciudadan\u00eda para que participe comprando el rico caf\u00e9 lechero y las canillas los d\u00edas 29 y 30 de abril, de 9 de la ma\u00f1ana a 7 de la tarde, en un m\u00f3dulo que estar\u00e1 instalado en el bulevar Ruiz Cortines, para que con esas ventas se logre recaudar m\u00e1s dinero, el cual se va a traducir en lentes completamente gratis para las ni\u00f1as y ni\u00f1os de Boca del R\u00edo.<\/p>\n\n\n\n<p>\u201cGracias al Gran Caf\u00e9 de la Parroquia por su respaldo y por seguir demostrando que son una empresa socialmente responsable; gracias por apoyarnos en esta campa\u00f1a\u201d, concluy\u00f3.<\/p>\n","protected":false},"excerpt":{"rendered":"<p>*El DIF de Boca del R\u00edo la realizar\u00e1 de manera conjunta con el Gran Caf\u00e9 de La Parroquia. *Con lo recaudado con la venta de caf\u00e9, en un m\u00f3dulo especial el 29 y 30 de abril, se realizar\u00e1n estudios y se dotar\u00e1n de lentes gratuitos a ni\u00f1os de las escuelas primarias p\u00fablicas del municipio. Boca [&hellip;]<\/p>\n","protected":false},"author":1,"featured_media":25901,"comment_status":"open","ping_status":"open","sticky":false,"template":"","format":"standard","meta":{"_jetpack_memberships_contains_paid_content":false,"footnotes":""},"categories":[2],"tags":[],"class_list":["post-25900","post","type-post","status-publish","format-standard","has-post-thumbnail","hentry","category-estado"],"jetpack_featured_media_url":"https:\/\/encuentroinformativo.com.mx\/wp-content\/uploads\/2022\/04\/5D31B820-3DC9-4156-B200-162C47BAA926.jpeg","jetpack_sharing_enabled":true,"jetpack_likes_enabled":true,"amp_enabled":true,"_links":{"self":[{"href":"https:\/\/encuentroinformativo.com.mx\/index.php?rest_route=\/wp\/v2\/posts\/25900","targetHints":{"allow":["GET"]}}],"collection":[{"href":"https:\/\/encuentroinformativo.com.mx\/index.php?rest_route=\/wp\/v2\/posts"}],"about":[{"href":"https:\/\/encuentroinformativo.com.mx\/index.php?rest_route=\/wp\/v2\/types\/post"}],"author":[{"embeddable":true,"href":"https:\/\/encuentroinformativo.com.mx\/index.php?rest_route=\/wp\/v2\/users\/1"}],"replies":[{"embeddable":true,"href":"https:\/\/encuentroinformativo.com.mx\/index.php?rest_route=%2Fwp%2Fv2%2Fcomments&post=25900"}],"version-history":[{"count":1,"href":"https:\/\/encuentroinformativo.com.mx\/index.php?rest_route=\/wp\/v2\/posts\/25900\/revisions"}],"predecessor-version":[{"id":25902,"href":"https:\/\/encuentroinformativo.com.mx\/index.php?rest_route=\/wp\/v2\/posts\/25900\/revisions\/25902"}],"wp:featuredmedia":[{"embeddable":true,"href":"https:\/\/encuentroinformativo.com.mx\/index.php?rest_route=\/wp\/v2\/media\/25901"}],"wp:attachment":[{"href":"https:\/\/encuentroinformativo.com.mx\/index.php?rest_route=%2Fwp%2Fv2%2Fmedia&parent=25900"}],"wp:term":[{"taxonomy":"category","embeddable":true,"href":"https:\/\/encuentroinformativo.com.mx\/index.php?rest_route=%2Fwp%2Fv2%2Fcategories&post=25900"},{"taxonomy":"post_tag","embeddable":true,"href":"https:\/\/encuentroinformativo.com.mx\/index.php?rest_route=%2Fwp%2Fv2%2Ftags&post=25900"}],"curies":[{"name":"wp","href":"https:\/\/api.w.org\/{rel}","templated":true}]}}