{"id":25903,"date":"2022-04-13T12:20:58","date_gmt":"2022-04-13T17:20:58","guid":{"rendered":"https:\/\/encuentroinformativo.com.mx\/?p=25903"},"modified":"2022-04-13T12:21:12","modified_gmt":"2022-04-13T17:21:12","slug":"federacion-decide-sobre-escuelas-de-tiempo-completo-zenyazen","status":"publish","type":"post","link":"https:\/\/encuentroinformativo.com.mx\/?p=25903","title":{"rendered":"Federaci\u00f3n decide sobre Escuelas de Tiempo Completo: Zenyazen"},"content":{"rendered":"\n<p><strong>Dar\u00edo Pale<\/strong><\/p>\n\n\n\n<p>Xalapa, Ver.- El programa de Escuelas de Tiempo Completo es viable para el apoyo a los padres y madres de familia, as\u00ed lo inform\u00f3 el secretario de Educaci\u00f3n de Veracruz, \u00a0Zenyazen Escobar Garc\u00eda, ya solo falta que los diputados as\u00ed lo decidan.<\/p>\n\n\n\n<p>En entrevista se\u00f1al\u00f3 que, &#8220;creemos que es un programa viable, para las madres y padres Trabajadores que est\u00e1n en la preocupaci\u00f3n. El horario extendido es algo muy factible&#8221;.<\/p>\n\n\n\n<p>Se\u00f1al\u00f3 que tanto la C\u00e1mara de Diputados como la Secretar\u00eda de Educaci\u00f3n P\u00fablica (SEV), deben resolver qu\u00e9 va a pasar finalmente con el programa, tras los amparos que se han estado interponiendo.<\/p>\n\n\n\n<p>Destac\u00f3 que en Veracruz se trabajaba de acuerdo al horario extendido y la entrega de alimentos para los menores, sin embargo, debido a que en otras entidades no ocurri\u00f3 de la misma manera, por eso &#8220;estados como Veracruz estamos pagando despu\u00e9s de este an\u00e1lisis que hizo la SEP&#8221;.<\/p>\n\n\n\n<p>Dio a conocer que si bien el programa en la Entidad es de gran beneficio, tambi\u00e9n es cierto que en Veracruz ocurri\u00f3 un gran saqueo de miles de millones de pesos en otras administraciones.<\/p>\n\n\n\n<p>El Secretario indic\u00f3 que si bien est\u00e1 a favor de que contin\u00fae el programa, es una decisi\u00f3n de la Federaci\u00f3n tras lo que se decida por los amparos.<\/p>\n\n\n\n<p>Adem\u00e1s, subray\u00f3 que tanto \u00e9l como la Oficial Mayor, Ariadna Selene Aguilar Amaya enviaron un oficio a la SEP para solicitar que contin\u00fae el programa, solo resta esperar.<\/p>\n\n\n\n<p>La organizaci\u00f3n Mexicanos Primero obtuvo un amparo contra los cambios al programa La Escuela es Nuestra (LEEN) que desaparecieron el Programa Escuelas de Tiempo Completo.<\/p>\n\n\n\n<p>Por \u00faltimo cabe se\u00f1alar que un comunicado, la organizaci\u00f3n explic\u00f3 que fue la jueza S\u00e9ptima de Distrito en Materia Administrativa de la Ciudad de M\u00e9xico quien orden\u00f3 detener la operaci\u00f3n de LEEN por considerarlo violatorio de los derechos a la educaci\u00f3n y a la alimentaci\u00f3n de ni\u00f1as, ni\u00f1os y adolescentes.<\/p>\n","protected":false},"excerpt":{"rendered":"<p>Dar\u00edo Pale Xalapa, Ver.- El programa de Escuelas de Tiempo Completo es viable para el apoyo a los padres y madres de familia, as\u00ed lo inform\u00f3 el secretario de Educaci\u00f3n de Veracruz, \u00a0Zenyazen Escobar Garc\u00eda, ya solo falta que los diputados as\u00ed lo decidan. En entrevista se\u00f1al\u00f3 que, &#8220;creemos que es un programa viable, para [&hellip;]<\/p>\n","protected":false},"author":1,"featured_media":25904,"comment_status":"open","ping_status":"open","sticky":false,"template":"","format":"standard","meta":{"_jetpack_memberships_contains_paid_content":false,"footnotes":""},"categories":[2],"tags":[],"class_list":["post-25903","post","type-post","status-publish","format-standard","has-post-thumbnail","hentry","category-estado"],"jetpack_featured_media_url":"https:\/\/encuentroinformativo.com.mx\/wp-content\/uploads\/2022\/04\/198E4168-ABF1-4F14-9FC5-AAC7097F7AE3.jpeg","jetpack_sharing_enabled":true,"jetpack_likes_enabled":true,"amp_enabled":true,"_links":{"self":[{"href":"https:\/\/encuentroinformativo.com.mx\/index.php?rest_route=\/wp\/v2\/posts\/25903","targetHints":{"allow":["GET"]}}],"collection":[{"href":"https:\/\/encuentroinformativo.com.mx\/index.php?rest_route=\/wp\/v2\/posts"}],"about":[{"href":"https:\/\/encuentroinformativo.com.mx\/index.php?rest_route=\/wp\/v2\/types\/post"}],"author":[{"embeddable":true,"href":"https:\/\/encuentroinformativo.com.mx\/index.php?rest_route=\/wp\/v2\/users\/1"}],"replies":[{"embeddable":true,"href":"https:\/\/encuentroinformativo.com.mx\/index.php?rest_route=%2Fwp%2Fv2%2Fcomments&post=25903"}],"version-history":[{"count":1,"href":"https:\/\/encuentroinformativo.com.mx\/index.php?rest_route=\/wp\/v2\/posts\/25903\/revisions"}],"predecessor-version":[{"id":25905,"href":"https:\/\/encuentroinformativo.com.mx\/index.php?rest_route=\/wp\/v2\/posts\/25903\/revisions\/25905"}],"wp:featuredmedia":[{"embeddable":true,"href":"https:\/\/encuentroinformativo.com.mx\/index.php?rest_route=\/wp\/v2\/media\/25904"}],"wp:attachment":[{"href":"https:\/\/encuentroinformativo.com.mx\/index.php?rest_route=%2Fwp%2Fv2%2Fmedia&parent=25903"}],"wp:term":[{"taxonomy":"category","embeddable":true,"href":"https:\/\/encuentroinformativo.com.mx\/index.php?rest_route=%2Fwp%2Fv2%2Fcategories&post=25903"},{"taxonomy":"post_tag","embeddable":true,"href":"https:\/\/encuentroinformativo.com.mx\/index.php?rest_route=%2Fwp%2Fv2%2Ftags&post=25903"}],"curies":[{"name":"wp","href":"https:\/\/api.w.org\/{rel}","templated":true}]}}