{"id":25909,"date":"2022-04-13T13:19:52","date_gmt":"2022-04-13T18:19:52","guid":{"rendered":"https:\/\/encuentroinformativo.com.mx\/?p=25909"},"modified":"2022-04-13T13:19:55","modified_gmt":"2022-04-13T18:19:55","slug":"con-protesta-celebran-dia-del-preso-politico","status":"publish","type":"post","link":"https:\/\/encuentroinformativo.com.mx\/?p=25909","title":{"rendered":"Con protesta, celebran D\u00eda del Preso Pol\u00edtico"},"content":{"rendered":"\n<p><strong>Dar\u00edo Pale<\/strong><\/p>\n\n\n\n<p>Xalapa, Ver.- Ranulfo Hern\u00e1ndez Dolores representante el Frente Nacional de Lucha por el \u00a0Socialismo (FNLS), acompa\u00f1ado de otras personas se manifestaron en la plaza Lerdo para recordar el D\u00eda Internacional del Preso Pol\u00edtico.<\/p>\n\n\n\n<p>Entrevistado durante la manifestaci\u00f3n en la plaza Lerdo dio a conocer que el \u00fanico preso pol\u00edtico que tienen en el estado es Higinio Bustos Navarro ya que el gobierno siempre a querido callar las voces que defienden la tierra de su pueblo.<\/p>\n\n\n\n<p>Lleva casi un a\u00f1o que fue detenido por un delito de hace muchos a\u00f1os el cual no est\u00e1 probado y la supuesta v\u00edctima no a mostrado pruebas, ya que lo acusan de asesinar a un elemento de la Secretaria de la Defensa Nacional (SEDENA), solo es por el hecho de pertenecer a la organizaci\u00f3n del FNLS.<br>Coment\u00f3 que la guardia nacional en la zona de la huasteca contin\u00faa con el hostigamiento constante, las infiltraciones en las comunidades, los bloqueos, las revisiones disque de rutina todo esto es parte del hostigamiento que comenten los diferentes cuerpos policiacos en la regi\u00f3n de la huasteca.<\/p>\n\n\n\n<p>Dieron lectura a su pronunciamiento pol\u00edtico dentro de la Jornada nacional por el derecho a la justicia, verdad, libertad, presentaci\u00f3n y el derecho a la protesta dentro del marco del D\u00eda Internacional del Preso Pol\u00edtico, los integrantes de Frente Nacional de Lucha por el \u00a0Socialismo, dieron inicio a la jornada nacional por el derecho a la justicia, verdad, libertad y el derecho a la protesta, libertad de los presos pol\u00edticos y la presentaci\u00f3n con vida de los detenidos desaparecidos.<\/p>\n\n\n\n<p>Exigen juicio y castigo a los responsables, materiales e intelectuales de los cr\u00edmenes de lesa humanidad y el alto de la persecuci\u00f3n pol\u00edtico y el cese a la violencia contra el pueblo, desde las instituciones gubernamentales, los funcionarios p\u00fablicos niegan la existencia de presos pol\u00edticos, la represi\u00f3n, la desaparici\u00f3n forzada, la ejecuci\u00f3n extrajudicial, la violencia contra el pueblo, la persecuci\u00f3n pol\u00edtica y el desplazamiento forzado.<\/p>\n\n\n\n<p>No obstante los hechos reales contradicen la ret\u00f3rica de gobierno, un ejemplo la estad\u00edstica oficial reconoce a casi cien mil detenidos, desaparecidos defensores de derechos humanos, periodistas y activistas pol\u00edticos c\u00f3mo prueba de la violencia gubernamental que se vive en el pa\u00eds.<\/p>\n\n\n\n<p>Finalmente se\u00f1al\u00f3 que al inicio de la administraci\u00f3n actual, organismos de derechos humanos denunciaron la existencia de 200 presos pol\u00edticos ha \u00e9sta cifra se han sumado innumerables casos de personas privadas de su libertad por ejercer el derecho a la protesta de los estados como Chiapas, Tabasco, Puebla, Veracruz, Michoac\u00e1n, Guanajuato, Jalisco, Guerrero, Morelos, Hidalgo y Oaxaca.<\/p>\n","protected":false},"excerpt":{"rendered":"<p>Dar\u00edo Pale Xalapa, Ver.- Ranulfo Hern\u00e1ndez Dolores representante el Frente Nacional de Lucha por el \u00a0Socialismo (FNLS), acompa\u00f1ado de otras personas se manifestaron en la plaza Lerdo para recordar el D\u00eda Internacional del Preso Pol\u00edtico. Entrevistado durante la manifestaci\u00f3n en la plaza Lerdo dio a conocer que el \u00fanico preso pol\u00edtico que tienen en el [&hellip;]<\/p>\n","protected":false},"author":1,"featured_media":25910,"comment_status":"open","ping_status":"open","sticky":false,"template":"","format":"standard","meta":{"_jetpack_memberships_contains_paid_content":false,"footnotes":""},"categories":[3],"tags":[],"class_list":["post-25909","post","type-post","status-publish","format-standard","has-post-thumbnail","hentry","category-xalapa"],"jetpack_featured_media_url":"https:\/\/encuentroinformativo.com.mx\/wp-content\/uploads\/2022\/04\/3AD9BC57-909A-4916-88B1-B4BBF34DDCB8.jpeg","jetpack_sharing_enabled":true,"jetpack_likes_enabled":true,"amp_enabled":true,"_links":{"self":[{"href":"https:\/\/encuentroinformativo.com.mx\/index.php?rest_route=\/wp\/v2\/posts\/25909","targetHints":{"allow":["GET"]}}],"collection":[{"href":"https:\/\/encuentroinformativo.com.mx\/index.php?rest_route=\/wp\/v2\/posts"}],"about":[{"href":"https:\/\/encuentroinformativo.com.mx\/index.php?rest_route=\/wp\/v2\/types\/post"}],"author":[{"embeddable":true,"href":"https:\/\/encuentroinformativo.com.mx\/index.php?rest_route=\/wp\/v2\/users\/1"}],"replies":[{"embeddable":true,"href":"https:\/\/encuentroinformativo.com.mx\/index.php?rest_route=%2Fwp%2Fv2%2Fcomments&post=25909"}],"version-history":[{"count":1,"href":"https:\/\/encuentroinformativo.com.mx\/index.php?rest_route=\/wp\/v2\/posts\/25909\/revisions"}],"predecessor-version":[{"id":25911,"href":"https:\/\/encuentroinformativo.com.mx\/index.php?rest_route=\/wp\/v2\/posts\/25909\/revisions\/25911"}],"wp:featuredmedia":[{"embeddable":true,"href":"https:\/\/encuentroinformativo.com.mx\/index.php?rest_route=\/wp\/v2\/media\/25910"}],"wp:attachment":[{"href":"https:\/\/encuentroinformativo.com.mx\/index.php?rest_route=%2Fwp%2Fv2%2Fmedia&parent=25909"}],"wp:term":[{"taxonomy":"category","embeddable":true,"href":"https:\/\/encuentroinformativo.com.mx\/index.php?rest_route=%2Fwp%2Fv2%2Fcategories&post=25909"},{"taxonomy":"post_tag","embeddable":true,"href":"https:\/\/encuentroinformativo.com.mx\/index.php?rest_route=%2Fwp%2Fv2%2Ftags&post=25909"}],"curies":[{"name":"wp","href":"https:\/\/api.w.org\/{rel}","templated":true}]}}