{"id":25918,"date":"2022-04-13T13:57:56","date_gmt":"2022-04-13T18:57:56","guid":{"rendered":"https:\/\/encuentroinformativo.com.mx\/?p=25918"},"modified":"2022-04-13T13:57:59","modified_gmt":"2022-04-13T18:57:59","slug":"anuncian-feria-del-libro-en-el-parque-juarez","status":"publish","type":"post","link":"https:\/\/encuentroinformativo.com.mx\/?p=25918","title":{"rendered":"Anuncian Feria del Libro en el parque Ju\u00e1rez"},"content":{"rendered":"\n<p><strong>Dar\u00edo Pale<\/strong><\/p>\n\n\n\n<p>Xalapa, Ver.- Eligio Ram\u00edrez R\u00edos, Olga Lidia Ram\u00edrez Salazar, Gustavo Ram\u00edrez, \u00c1lvaro S\u00e1nchez Robles entre otros due\u00f1os de librer\u00edas dieron a conocer que con la Feria del Libro en el parque Ju\u00e1rez sus ventas se incrementan desde un 20 hasta un 50 por ciento.<\/p>\n\n\n\n<p>En conferencia de prensa invitaron a la ciudadan\u00eda para que asista a la 13a Feria Xalape\u00f1a del Libro, se llevar\u00e1 a cabo del 19 al 30 de abril de 2022 de 10:00 a 20:00 horas, en el Parque Ju\u00e1rez de Xalapa.<\/p>\n\n\n\n<p>Se\u00f1alaron que la mayor\u00eda de las actividades art\u00edsticas y culturales son a partir de las 16:00 horas de lunes a jueves y los fines de semana a partir de las 10:00 horas. El s\u00e1bado 30 de abril de las 20:00 a las 23:00 horas se realizar\u00e1 una venta noctuma.<\/p>\n\n\n\n<p>La 13a Feria Xalape\u00f1a del Libro, 2022, es realizada por 22 librer\u00edas independientes que en su conjunto han logrado mantener una sinergia cultural en el centro de Xalapa: Libros y material did\u00e1ctico, Librer\u00eda Gald\u00f3s, Atenahfz Librer\u00eda, Aleph Librer\u00eda, Kether Librer\u00eda, Arte encuadernaci\u00f3n, Librarte, Librer\u00eda Rayuela, Libros Baricco, Corporaci\u00f3n Editorial S.S.BYE, Representaciones Culturales Ju\u00e1rez, La rueca de Gandhi, Librer\u00eda Nueva Era, Libros de \u00darsula, Mundo de Ideas, Gran libro escolar, Gotham C\u00f3mics, Ediciones Luna, Argonautas Librer\u00eda, Hyperi\u00f3n Librer\u00eda, Educal Librer\u00eda, Pavel Ortega ( Autor) y Mondo Bizarro Libros.<\/p>\n\n\n\n<p>Asimismo, personas con gran experiencia y trayectoria de la comunidad art\u00edstica y cultural en Xalapa se integran a la celebraci\u00f3n del libro y del derecho de autor. Por esta raz\u00f3n, es importante indicar que las aportaciones econ\u00f3micas &#8220;simb\u00f3licas&#8221; son realizadas por las y los libreros independientes de Xalapa, quienes contribuyen con el desarrollo econ\u00f3mico y proporcionan una fuente de empleo en donde resulta beneficiada cada persona que convive entre los libros.<\/p>\n\n\n\n<p>Dieron a conocer que en el parque Ju\u00e1rez es un espacio donde la gente anda con calma y m\u00e1s tranquilamente lo cual permite que se acerquen a los eventos, la cual en esta ocasi\u00f3n ser\u00e1 la de los libros lo que representa una entrada extra.<\/p>\n\n\n\n<p>Finalmente se\u00f1alaron que con las ventas en el parque sus ventas se incrementan desde un 20 hasta un 50 por ciento ya que hay muchos de sus compa\u00f1eros que no cuentan con un espacio para vender directamente al p\u00fablico y solo est\u00e1n en redes sociales.<\/p>\n","protected":false},"excerpt":{"rendered":"<p>Dar\u00edo Pale Xalapa, Ver.- Eligio Ram\u00edrez R\u00edos, Olga Lidia Ram\u00edrez Salazar, Gustavo Ram\u00edrez, \u00c1lvaro S\u00e1nchez Robles entre otros due\u00f1os de librer\u00edas dieron a conocer que con la Feria del Libro en el parque Ju\u00e1rez sus ventas se incrementan desde un 20 hasta un 50 por ciento. En conferencia de prensa invitaron a la ciudadan\u00eda para [&hellip;]<\/p>\n","protected":false},"author":1,"featured_media":25919,"comment_status":"open","ping_status":"open","sticky":false,"template":"","format":"standard","meta":{"_jetpack_memberships_contains_paid_content":false,"footnotes":""},"categories":[3],"tags":[],"class_list":["post-25918","post","type-post","status-publish","format-standard","has-post-thumbnail","hentry","category-xalapa"],"jetpack_featured_media_url":"https:\/\/encuentroinformativo.com.mx\/wp-content\/uploads\/2022\/04\/6EEED9A0-F993-4077-9BFC-7C1F993C2BA3.jpeg","jetpack_sharing_enabled":true,"jetpack_likes_enabled":true,"amp_enabled":true,"_links":{"self":[{"href":"https:\/\/encuentroinformativo.com.mx\/index.php?rest_route=\/wp\/v2\/posts\/25918","targetHints":{"allow":["GET"]}}],"collection":[{"href":"https:\/\/encuentroinformativo.com.mx\/index.php?rest_route=\/wp\/v2\/posts"}],"about":[{"href":"https:\/\/encuentroinformativo.com.mx\/index.php?rest_route=\/wp\/v2\/types\/post"}],"author":[{"embeddable":true,"href":"https:\/\/encuentroinformativo.com.mx\/index.php?rest_route=\/wp\/v2\/users\/1"}],"replies":[{"embeddable":true,"href":"https:\/\/encuentroinformativo.com.mx\/index.php?rest_route=%2Fwp%2Fv2%2Fcomments&post=25918"}],"version-history":[{"count":1,"href":"https:\/\/encuentroinformativo.com.mx\/index.php?rest_route=\/wp\/v2\/posts\/25918\/revisions"}],"predecessor-version":[{"id":25920,"href":"https:\/\/encuentroinformativo.com.mx\/index.php?rest_route=\/wp\/v2\/posts\/25918\/revisions\/25920"}],"wp:featuredmedia":[{"embeddable":true,"href":"https:\/\/encuentroinformativo.com.mx\/index.php?rest_route=\/wp\/v2\/media\/25919"}],"wp:attachment":[{"href":"https:\/\/encuentroinformativo.com.mx\/index.php?rest_route=%2Fwp%2Fv2%2Fmedia&parent=25918"}],"wp:term":[{"taxonomy":"category","embeddable":true,"href":"https:\/\/encuentroinformativo.com.mx\/index.php?rest_route=%2Fwp%2Fv2%2Fcategories&post=25918"},{"taxonomy":"post_tag","embeddable":true,"href":"https:\/\/encuentroinformativo.com.mx\/index.php?rest_route=%2Fwp%2Fv2%2Ftags&post=25918"}],"curies":[{"name":"wp","href":"https:\/\/api.w.org\/{rel}","templated":true}]}}