{"id":25921,"date":"2022-04-13T14:38:54","date_gmt":"2022-04-13T19:38:54","guid":{"rendered":"https:\/\/encuentroinformativo.com.mx\/?p=25921"},"modified":"2022-04-13T14:38:57","modified_gmt":"2022-04-13T19:38:57","slug":"dan-a-conocer-convocatoria-para-bienal-de-arte","status":"publish","type":"post","link":"https:\/\/encuentroinformativo.com.mx\/?p=25921","title":{"rendered":"Dan a conocer convocatoria para Bienal de Arte"},"content":{"rendered":"\n<p>Xalapa, Ver.- La directora del Instituto Veracruzano de la Cultura, Silvia Alejandre Prado dio a conocer la convocatoria para quienes gusten participar en la Bienal de Arte Veracruz 2022 en su Sexta emisi\u00f3n.<\/p>\n\n\n\n<p>Donde se realizar\u00e1 un certamen art\u00edstico, una exposici\u00f3n itinerante, una jornada de actividades acad\u00e9micas y la publicaci\u00f3n de un cat\u00e1logo digital.<\/p>\n","protected":false},"excerpt":{"rendered":"<p>Xalapa, Ver.- La directora del Instituto Veracruzano de la Cultura, Silvia Alejandre Prado dio a conocer la convocatoria para quienes gusten participar en la Bienal de Arte Veracruz 2022 en su Sexta emisi\u00f3n. Donde se realizar\u00e1 un certamen art\u00edstico, una exposici\u00f3n itinerante, una jornada de actividades acad\u00e9micas y la publicaci\u00f3n de un cat\u00e1logo digital.<\/p>\n","protected":false},"author":1,"featured_media":25922,"comment_status":"open","ping_status":"open","sticky":false,"template":"","format":"standard","meta":{"_jetpack_memberships_contains_paid_content":false,"footnotes":""},"categories":[3],"tags":[],"class_list":["post-25921","post","type-post","status-publish","format-standard","has-post-thumbnail","hentry","category-xalapa"],"jetpack_featured_media_url":"https:\/\/encuentroinformativo.com.mx\/wp-content\/uploads\/2022\/04\/68183DFA-01AC-45DE-A5F7-C91153F9A07C.jpeg","jetpack_sharing_enabled":true,"jetpack_likes_enabled":true,"amp_enabled":true,"_links":{"self":[{"href":"https:\/\/encuentroinformativo.com.mx\/index.php?rest_route=\/wp\/v2\/posts\/25921","targetHints":{"allow":["GET"]}}],"collection":[{"href":"https:\/\/encuentroinformativo.com.mx\/index.php?rest_route=\/wp\/v2\/posts"}],"about":[{"href":"https:\/\/encuentroinformativo.com.mx\/index.php?rest_route=\/wp\/v2\/types\/post"}],"author":[{"embeddable":true,"href":"https:\/\/encuentroinformativo.com.mx\/index.php?rest_route=\/wp\/v2\/users\/1"}],"replies":[{"embeddable":true,"href":"https:\/\/encuentroinformativo.com.mx\/index.php?rest_route=%2Fwp%2Fv2%2Fcomments&post=25921"}],"version-history":[{"count":1,"href":"https:\/\/encuentroinformativo.com.mx\/index.php?rest_route=\/wp\/v2\/posts\/25921\/revisions"}],"predecessor-version":[{"id":25923,"href":"https:\/\/encuentroinformativo.com.mx\/index.php?rest_route=\/wp\/v2\/posts\/25921\/revisions\/25923"}],"wp:featuredmedia":[{"embeddable":true,"href":"https:\/\/encuentroinformativo.com.mx\/index.php?rest_route=\/wp\/v2\/media\/25922"}],"wp:attachment":[{"href":"https:\/\/encuentroinformativo.com.mx\/index.php?rest_route=%2Fwp%2Fv2%2Fmedia&parent=25921"}],"wp:term":[{"taxonomy":"category","embeddable":true,"href":"https:\/\/encuentroinformativo.com.mx\/index.php?rest_route=%2Fwp%2Fv2%2Fcategories&post=25921"},{"taxonomy":"post_tag","embeddable":true,"href":"https:\/\/encuentroinformativo.com.mx\/index.php?rest_route=%2Fwp%2Fv2%2Ftags&post=25921"}],"curies":[{"name":"wp","href":"https:\/\/api.w.org\/{rel}","templated":true}]}}