{"id":25934,"date":"2022-04-13T16:36:39","date_gmt":"2022-04-13T21:36:39","guid":{"rendered":"https:\/\/encuentroinformativo.com.mx\/?p=25934"},"modified":"2022-04-13T16:36:46","modified_gmt":"2022-04-13T21:36:46","slug":"anuncia-ayuntamiento-operativo-vial-por-la-semana-santa-en-la-rotonda","status":"publish","type":"post","link":"https:\/\/encuentroinformativo.com.mx\/?p=25934","title":{"rendered":"Anuncia Ayuntamiento operativo vial por la Semana Santa en La Rotonda"},"content":{"rendered":"\n<p><strong>*Se llevar\u00e1 a cabo del 14 al 17 de abril de 7:00 a 18:00 horas.<\/strong><\/p>\n\n\n\n<p>Xalapa, Ver.- Con el prop\u00f3sito de generar un tr\u00e1nsito vial y peatonal ordenado, el Ayuntamiento, a trav\u00e9s del del Departamento de Movilidad Urbana de la Direcci\u00f3n de Desarrollo Urbano, implementar\u00e1 el Operativo Semana Santa 2022 en calles aleda\u00f1as al mercado Adolfo Ruiz Cortines \u201cLa Rotonda\u201d, del jueves 14 al domingo 17 de abril de 7:00 a 18:00 horas.<\/p>\n\n\n\n<p>El titular del \u00e1rea, Alfonso L\u00f3pez Pineda, explic\u00f3 que al tratarse de un espacio que incrementa su afluencia durante estos d\u00edas se tom\u00f3 la decisi\u00f3n de cerrar algunas cuadras de las calles Revoluci\u00f3n, Manuel C. Tello y Sim\u00f3n Bol\u00edvar, mismas que quedar\u00e1n para el tr\u00e1nsito peatonal y como una opci\u00f3n de estacionamiento para quienes acudan a la zona a realizar las compras de los productos de temporada.<\/p>\n\n\n\n<p>A\u00f1adi\u00f3 que es una forma de ampliar el espacio para que la ciudadan\u00eda pueda respetar la sana distancia y evitar la propagaci\u00f3n del Coronavirus SARS-CoV-2.<\/p>\n\n\n\n<p>De acuerdo con el funcionario, esta medida se plane\u00f3 de manera conjunta con las direcciones de Desarrollo Econ\u00f3mico, Seguridad Ciudadana y Tr\u00e1nsito Municipal, Medio Ambiente, Desarrollo Urbano y la Direcci\u00f3n General de Tr\u00e1nsito y Seguridad Vial del Estado de Veracruz, las cuales acordaron establecer un circuito alternativo en las calles Carlos A. Carrillo, Avenida Am\u00e9ricas, Luis J. Jim\u00e9nez y Othoniel Rodr\u00edguez Bazarte para no interrumpir la movilidad vehicular en la zona.<\/p>\n\n\n\n<p>Finalmente, dio a conocer que personal de estas mismas dependencias se encuentra pendiente de la coordinaci\u00f3n vial durante las marchas, procesiones y festejos propios de la temporada en algunos de los m\u00e1s representativos centros religiosos de la ciudad, como la Catedral Metropolitana, El Dique y la iglesia de San Jos\u00e9.<\/p>\n","protected":false},"excerpt":{"rendered":"<p>*Se llevar\u00e1 a cabo del 14 al 17 de abril de 7:00 a 18:00 horas. Xalapa, Ver.- Con el prop\u00f3sito de generar un tr\u00e1nsito vial y peatonal ordenado, el Ayuntamiento, a trav\u00e9s del del Departamento de Movilidad Urbana de la Direcci\u00f3n de Desarrollo Urbano, implementar\u00e1 el Operativo Semana Santa 2022 en calles aleda\u00f1as al mercado [&hellip;]<\/p>\n","protected":false},"author":1,"featured_media":25935,"comment_status":"open","ping_status":"open","sticky":false,"template":"","format":"standard","meta":{"_jetpack_memberships_contains_paid_content":false,"footnotes":""},"categories":[3],"tags":[],"class_list":["post-25934","post","type-post","status-publish","format-standard","has-post-thumbnail","hentry","category-xalapa"],"jetpack_featured_media_url":"https:\/\/encuentroinformativo.com.mx\/wp-content\/uploads\/2022\/04\/A2FE81B7-CCDA-47F0-9610-9A1C53D79F44.jpeg","jetpack_sharing_enabled":true,"jetpack_likes_enabled":true,"amp_enabled":true,"_links":{"self":[{"href":"https:\/\/encuentroinformativo.com.mx\/index.php?rest_route=\/wp\/v2\/posts\/25934","targetHints":{"allow":["GET"]}}],"collection":[{"href":"https:\/\/encuentroinformativo.com.mx\/index.php?rest_route=\/wp\/v2\/posts"}],"about":[{"href":"https:\/\/encuentroinformativo.com.mx\/index.php?rest_route=\/wp\/v2\/types\/post"}],"author":[{"embeddable":true,"href":"https:\/\/encuentroinformativo.com.mx\/index.php?rest_route=\/wp\/v2\/users\/1"}],"replies":[{"embeddable":true,"href":"https:\/\/encuentroinformativo.com.mx\/index.php?rest_route=%2Fwp%2Fv2%2Fcomments&post=25934"}],"version-history":[{"count":1,"href":"https:\/\/encuentroinformativo.com.mx\/index.php?rest_route=\/wp\/v2\/posts\/25934\/revisions"}],"predecessor-version":[{"id":25936,"href":"https:\/\/encuentroinformativo.com.mx\/index.php?rest_route=\/wp\/v2\/posts\/25934\/revisions\/25936"}],"wp:featuredmedia":[{"embeddable":true,"href":"https:\/\/encuentroinformativo.com.mx\/index.php?rest_route=\/wp\/v2\/media\/25935"}],"wp:attachment":[{"href":"https:\/\/encuentroinformativo.com.mx\/index.php?rest_route=%2Fwp%2Fv2%2Fmedia&parent=25934"}],"wp:term":[{"taxonomy":"category","embeddable":true,"href":"https:\/\/encuentroinformativo.com.mx\/index.php?rest_route=%2Fwp%2Fv2%2Fcategories&post=25934"},{"taxonomy":"post_tag","embeddable":true,"href":"https:\/\/encuentroinformativo.com.mx\/index.php?rest_route=%2Fwp%2Fv2%2Ftags&post=25934"}],"curies":[{"name":"wp","href":"https:\/\/api.w.org\/{rel}","templated":true}]}}