{"id":25937,"date":"2022-04-13T16:42:32","date_gmt":"2022-04-13T21:42:32","guid":{"rendered":"https:\/\/encuentroinformativo.com.mx\/?p=25937"},"modified":"2022-04-13T16:43:13","modified_gmt":"2022-04-13T21:43:13","slug":"con-el-apoyo-de-la-federacion-y-el-estado-xalapa-cambiara","status":"publish","type":"post","link":"https:\/\/encuentroinformativo.com.mx\/?p=25937","title":{"rendered":"Con el apoyo de la Federaci\u00f3n y el Estado, Xalapa cambiar\u00e1"},"content":{"rendered":"\n<p><strong>*Se reinaugura Auditorio de la Escuela de Bachilleres Diurna \u201cAntonio Mar\u00eda de Rivera\u201d<\/strong>.<\/p>\n\n\n\n<p>Xalapa, Ver.- Para lograr cambios fundamentales en favor del municipio y la ciudadan\u00eda, seguiremos trabajando en coordinaci\u00f3n con los gobiernos Federal y Estatal, asegur\u00f3 el presidente municipal Ricardo Ahued Bardahuil durante la entrega de las obras de mantenimiento en el Auditorio de la Escuela de Bachilleres Diurna \u201cAntonio Mar\u00eda de Rivera\u201d.<\/p>\n\n\n\n<p>Ante autoridades educativas del plantel y de la Secretar\u00eda de Educaci\u00f3n de Veracruz (SEV), el Alcalde afirm\u00f3 que su administraci\u00f3n permanece atenta a las necesidades de la poblaci\u00f3n para lograr el cambio que todas y todos quieren.<\/p>\n\n\n\n<p>Record\u00f3 que ya concluido el periodo de Veda Electoral, en unos d\u00edas m\u00e1s se presentar\u00e1 el Programa Anual de Obra, un documento avalado por las y los integrantes del Cabildo, en el que se incluyen diversas acciones de infraestructura para beneficio de la ciudad en todas sus zonas y congregaciones.<\/p>\n\n\n\n<p>El subsecretario de Educaci\u00f3n Media Superior y Superior, Jorge Miguel Uscanga Villalba, dijo que desde la SEV, el Gobierno de Veracruz realiza importantes esfuerzos en favor de las generaciones que representan el presente y futuro de Veracruz.<\/p>\n\n\n\n<p>\u201cEsta voluntad que hoy se demuestra con la entrega de un espacio que favorecer\u00e1 la construcci\u00f3n integral de las personas durante esta importante etapa de formaci\u00f3n\u201d.<\/p>\n\n\n\n<p>Asistieron la regidora Zabdy Asmaveth Quezada Valdez, el regidor Daniel Fern\u00e1ndez Carri\u00f3n; la directora General de Bachillerato, Claudia Guadalupe Zamora Trevi\u00f1o; el director del plantel, Jos\u00e9 Antonio Higareda Urdapilleta; la subdirectora, Elsa Anguiano Reynoso; as\u00ed como alumnado, personal administrativo y docente.<\/p>\n","protected":false},"excerpt":{"rendered":"<p>*Se reinaugura Auditorio de la Escuela de Bachilleres Diurna \u201cAntonio Mar\u00eda de Rivera\u201d. Xalapa, Ver.- Para lograr cambios fundamentales en favor del municipio y la ciudadan\u00eda, seguiremos trabajando en coordinaci\u00f3n con los gobiernos Federal y Estatal, asegur\u00f3 el presidente municipal Ricardo Ahued Bardahuil durante la entrega de las obras de mantenimiento en el Auditorio de [&hellip;]<\/p>\n","protected":false},"author":1,"featured_media":25938,"comment_status":"open","ping_status":"open","sticky":false,"template":"","format":"standard","meta":{"_jetpack_memberships_contains_paid_content":false,"footnotes":""},"categories":[3],"tags":[],"class_list":["post-25937","post","type-post","status-publish","format-standard","has-post-thumbnail","hentry","category-xalapa"],"jetpack_featured_media_url":"https:\/\/encuentroinformativo.com.mx\/wp-content\/uploads\/2022\/04\/CBE63630-797C-4396-B60C-24299EA97C2A.jpeg","jetpack_sharing_enabled":true,"jetpack_likes_enabled":true,"amp_enabled":true,"_links":{"self":[{"href":"https:\/\/encuentroinformativo.com.mx\/index.php?rest_route=\/wp\/v2\/posts\/25937","targetHints":{"allow":["GET"]}}],"collection":[{"href":"https:\/\/encuentroinformativo.com.mx\/index.php?rest_route=\/wp\/v2\/posts"}],"about":[{"href":"https:\/\/encuentroinformativo.com.mx\/index.php?rest_route=\/wp\/v2\/types\/post"}],"author":[{"embeddable":true,"href":"https:\/\/encuentroinformativo.com.mx\/index.php?rest_route=\/wp\/v2\/users\/1"}],"replies":[{"embeddable":true,"href":"https:\/\/encuentroinformativo.com.mx\/index.php?rest_route=%2Fwp%2Fv2%2Fcomments&post=25937"}],"version-history":[{"count":1,"href":"https:\/\/encuentroinformativo.com.mx\/index.php?rest_route=\/wp\/v2\/posts\/25937\/revisions"}],"predecessor-version":[{"id":25939,"href":"https:\/\/encuentroinformativo.com.mx\/index.php?rest_route=\/wp\/v2\/posts\/25937\/revisions\/25939"}],"wp:featuredmedia":[{"embeddable":true,"href":"https:\/\/encuentroinformativo.com.mx\/index.php?rest_route=\/wp\/v2\/media\/25938"}],"wp:attachment":[{"href":"https:\/\/encuentroinformativo.com.mx\/index.php?rest_route=%2Fwp%2Fv2%2Fmedia&parent=25937"}],"wp:term":[{"taxonomy":"category","embeddable":true,"href":"https:\/\/encuentroinformativo.com.mx\/index.php?rest_route=%2Fwp%2Fv2%2Fcategories&post=25937"},{"taxonomy":"post_tag","embeddable":true,"href":"https:\/\/encuentroinformativo.com.mx\/index.php?rest_route=%2Fwp%2Fv2%2Ftags&post=25937"}],"curies":[{"name":"wp","href":"https:\/\/api.w.org\/{rel}","templated":true}]}}