{"id":25949,"date":"2022-04-14T11:45:05","date_gmt":"2022-04-14T16:45:05","guid":{"rendered":"https:\/\/encuentroinformativo.com.mx\/?p=25949"},"modified":"2022-04-14T11:45:08","modified_gmt":"2022-04-14T16:45:08","slug":"se-revelan-trabajadores-de-limpia-en-veracruz-puerto","status":"publish","type":"post","link":"https:\/\/encuentroinformativo.com.mx\/?p=25949","title":{"rendered":"Se revelan trabajadores de limpia en Veracruz Puerto"},"content":{"rendered":"\n<p><strong>Alejandro \u00c1vila<\/strong><\/p>\n\n\n\n<p>Veracruz, Ver.- Agremiados al Sindicato de Limpia P\u00fablica del municipio de Veracruz se manifestaron la ma\u00f1ana de este jueves en sus instalaciones ubicadas en la calle Montesinos esquina Nicol\u00e1s Bravo.<\/p>\n\n\n\n<p>Los denunciantes acusaron al Ayuntamiento de bloqueo laboral, pues desde hace meses les fueron retirados beneficios del contrato colectivo de trabajo.<\/p>\n\n\n\n<p>Por si fuera poco, este jueves les fue bloqueada la m\u00e1quina para checar ingreso y no pudieron acreditar su d\u00eda laboral, presumen que durante las fiestas de Carnaval suceder\u00e1 lo mismo.<\/p>\n\n\n\n<p>&#8220;Est\u00e1n cerradas las bodegas, ustedes ponen en la c\u00e1mara para all\u00e1 y van a ver las dos bodegas que est\u00e1n cerradas, est\u00e1n con cadena y no nos han dejado trabajar, hombres y mujeres, si se dan cuenta son rutas, barrido y de todo hay aqu\u00ed, nos est\u00e1n desplazando, nos quitaron las despensas, el mes pasado nosotros no ten\u00edamos las despensas, ahorita los tres d\u00edas que son festivos tambi\u00e9n no los quieren quitar, la prima dominical tambi\u00e9n, no quieren que trabajemos los domingos, m\u00e1s sin embargo, est\u00e1 trabajando su gente&#8221;, acus\u00f3 Laura.<\/p>\n\n\n\n<p>Son cerca de 200 mujeres las que laboran el Limpia P\u00fablica del municipio de Veracruz, las cuales lamentaron que la propia alcaldesa haya tomado est\u00e1s decisiones, pues las termina afectando como madres de familia.<\/p>\n","protected":false},"excerpt":{"rendered":"<p>Alejandro \u00c1vila Veracruz, Ver.- Agremiados al Sindicato de Limpia P\u00fablica del municipio de Veracruz se manifestaron la ma\u00f1ana de este jueves en sus instalaciones ubicadas en la calle Montesinos esquina Nicol\u00e1s Bravo. Los denunciantes acusaron al Ayuntamiento de bloqueo laboral, pues desde hace meses les fueron retirados beneficios del contrato colectivo de trabajo. Por si [&hellip;]<\/p>\n","protected":false},"author":1,"featured_media":25950,"comment_status":"open","ping_status":"open","sticky":false,"template":"","format":"standard","meta":{"_jetpack_memberships_contains_paid_content":false,"footnotes":""},"categories":[2],"tags":[],"class_list":["post-25949","post","type-post","status-publish","format-standard","has-post-thumbnail","hentry","category-estado"],"jetpack_featured_media_url":"https:\/\/encuentroinformativo.com.mx\/wp-content\/uploads\/2022\/04\/25189D3E-C185-4E7F-B368-151F096EEA51.jpeg","jetpack_sharing_enabled":true,"jetpack_likes_enabled":true,"amp_enabled":true,"_links":{"self":[{"href":"https:\/\/encuentroinformativo.com.mx\/index.php?rest_route=\/wp\/v2\/posts\/25949","targetHints":{"allow":["GET"]}}],"collection":[{"href":"https:\/\/encuentroinformativo.com.mx\/index.php?rest_route=\/wp\/v2\/posts"}],"about":[{"href":"https:\/\/encuentroinformativo.com.mx\/index.php?rest_route=\/wp\/v2\/types\/post"}],"author":[{"embeddable":true,"href":"https:\/\/encuentroinformativo.com.mx\/index.php?rest_route=\/wp\/v2\/users\/1"}],"replies":[{"embeddable":true,"href":"https:\/\/encuentroinformativo.com.mx\/index.php?rest_route=%2Fwp%2Fv2%2Fcomments&post=25949"}],"version-history":[{"count":1,"href":"https:\/\/encuentroinformativo.com.mx\/index.php?rest_route=\/wp\/v2\/posts\/25949\/revisions"}],"predecessor-version":[{"id":25951,"href":"https:\/\/encuentroinformativo.com.mx\/index.php?rest_route=\/wp\/v2\/posts\/25949\/revisions\/25951"}],"wp:featuredmedia":[{"embeddable":true,"href":"https:\/\/encuentroinformativo.com.mx\/index.php?rest_route=\/wp\/v2\/media\/25950"}],"wp:attachment":[{"href":"https:\/\/encuentroinformativo.com.mx\/index.php?rest_route=%2Fwp%2Fv2%2Fmedia&parent=25949"}],"wp:term":[{"taxonomy":"category","embeddable":true,"href":"https:\/\/encuentroinformativo.com.mx\/index.php?rest_route=%2Fwp%2Fv2%2Fcategories&post=25949"},{"taxonomy":"post_tag","embeddable":true,"href":"https:\/\/encuentroinformativo.com.mx\/index.php?rest_route=%2Fwp%2Fv2%2Ftags&post=25949"}],"curies":[{"name":"wp","href":"https:\/\/api.w.org\/{rel}","templated":true}]}}