{"id":25968,"date":"2022-04-14T14:22:21","date_gmt":"2022-04-14T19:22:21","guid":{"rendered":"https:\/\/encuentroinformativo.com.mx\/?p=25968"},"modified":"2022-04-14T14:22:24","modified_gmt":"2022-04-14T19:22:24","slug":"mantendran-actividades-de-apoyo-para-artesanos","status":"publish","type":"post","link":"https:\/\/encuentroinformativo.com.mx\/?p=25968","title":{"rendered":"Mantendr\u00e1n actividades de apoyo para artesanos"},"content":{"rendered":"\n<p><strong>Dar\u00edo Pale <\/strong><\/p>\n\n\n\n<p>Xalapa, Ver.- Ramon Pino Mendez Presidente del Instituto Iberoamericano para la Infancia A.C., dio a conocer que el pr\u00f3ximo s\u00e1bado 16 de abril se presentar\u00e1 la Guelaguetza en el parque Ju\u00e1rez y continuar apoyando a los artesanos de diferentes estado, todo esto sin el apoyo del gobierno del estado.<\/p>\n\n\n\n<p>En entrevista se\u00f1al\u00f3 que est\u00e1n apoyando a algunos artesanos de diferentes estados como Veracruz, Oaxaca, Chiapas y Yucat\u00e1n, para que puedan reactivar su econom\u00eda ya que durante la pandemia que lleva casi dos a\u00f1os y medio a afectado mucho la econom\u00eda de todos.<\/p>\n\n\n\n<p>Est\u00e1n llevando a cabo algunos eventos culturales, folcl\u00f3ricos, art\u00edsticos que se presentan de forma gratuita para la poblaci\u00f3n, por lo que en esta ocasi\u00f3n para Xalapa tienen planeado el d\u00eda 16 de abril hacer la presentaci\u00f3n del elenco art\u00edstico de la Guelaguetza que est\u00e1 decretado por la UNESCO como patrimonio inmaterial de la humanidad.<\/p>\n\n\n\n<p>Dicho evento que se presentar\u00e1 en el parque Ju\u00e1rez pretenden hacer la representaci\u00f3n de las 17 regiones de Oaxaca con sus usos, costumbres, bailables, arte y folclor, para que lo conozcan y tengan la oportunidad de conocer un evento internacional que solo se presenta en su estado natal.<\/p>\n\n\n\n<p>Dio a conocer que quieren tener 10 eventos m\u00e1s a lo largo y ancho del estado para llevar los bailables de Oaxaca; Xalapa es el segundo punto donde se realiza esta actividad de venta de artesan\u00edas el primero fue en Fort\u00edn de las Flores hace como un mes.<\/p>\n\n\n\n<p>Dio a conocer que el d\u00eda s\u00e1bado iniciar\u00e1n a las 16:30 horas con el desfile de la Calenda donde van alebrijes, artistas con sus trajes t\u00edpicos y la m\u00fasica tradicional, iniciar\u00e1n en la esquina de Ju\u00e1rez y Lucio para pasar por Enr\u00edquez y llegar al parque Ju\u00e1rez donde la presentaci\u00f3n dura 4 horas y media ya que son 17 reines las que participar\u00e1n.<\/p>\n\n\n\n<p>Finalmente dio a conocer que todo esto lo est\u00e1n realizando sin el apoyo del gobierno del estado ya que todo esto es a base de donaciones y cooperaciones adem\u00e1s de la buena voluntad de los artesanos ya que los gobierno no destinan cursos para estos eventos.<\/p>\n","protected":false},"excerpt":{"rendered":"<p>Dar\u00edo Pale Xalapa, Ver.- Ramon Pino Mendez Presidente del Instituto Iberoamericano para la Infancia A.C., dio a conocer que el pr\u00f3ximo s\u00e1bado 16 de abril se presentar\u00e1 la Guelaguetza en el parque Ju\u00e1rez y continuar apoyando a los artesanos de diferentes estado, todo esto sin el apoyo del gobierno del estado. En entrevista se\u00f1al\u00f3 que [&hellip;]<\/p>\n","protected":false},"author":1,"featured_media":25969,"comment_status":"open","ping_status":"open","sticky":false,"template":"","format":"standard","meta":{"_jetpack_memberships_contains_paid_content":false,"footnotes":""},"categories":[3],"tags":[],"class_list":["post-25968","post","type-post","status-publish","format-standard","has-post-thumbnail","hentry","category-xalapa"],"jetpack_featured_media_url":"https:\/\/encuentroinformativo.com.mx\/wp-content\/uploads\/2022\/04\/C6975339-C589-4C1E-99DA-778BFA012EF8.jpeg","jetpack_sharing_enabled":true,"jetpack_likes_enabled":true,"amp_enabled":true,"_links":{"self":[{"href":"https:\/\/encuentroinformativo.com.mx\/index.php?rest_route=\/wp\/v2\/posts\/25968","targetHints":{"allow":["GET"]}}],"collection":[{"href":"https:\/\/encuentroinformativo.com.mx\/index.php?rest_route=\/wp\/v2\/posts"}],"about":[{"href":"https:\/\/encuentroinformativo.com.mx\/index.php?rest_route=\/wp\/v2\/types\/post"}],"author":[{"embeddable":true,"href":"https:\/\/encuentroinformativo.com.mx\/index.php?rest_route=\/wp\/v2\/users\/1"}],"replies":[{"embeddable":true,"href":"https:\/\/encuentroinformativo.com.mx\/index.php?rest_route=%2Fwp%2Fv2%2Fcomments&post=25968"}],"version-history":[{"count":1,"href":"https:\/\/encuentroinformativo.com.mx\/index.php?rest_route=\/wp\/v2\/posts\/25968\/revisions"}],"predecessor-version":[{"id":25970,"href":"https:\/\/encuentroinformativo.com.mx\/index.php?rest_route=\/wp\/v2\/posts\/25968\/revisions\/25970"}],"wp:featuredmedia":[{"embeddable":true,"href":"https:\/\/encuentroinformativo.com.mx\/index.php?rest_route=\/wp\/v2\/media\/25969"}],"wp:attachment":[{"href":"https:\/\/encuentroinformativo.com.mx\/index.php?rest_route=%2Fwp%2Fv2%2Fmedia&parent=25968"}],"wp:term":[{"taxonomy":"category","embeddable":true,"href":"https:\/\/encuentroinformativo.com.mx\/index.php?rest_route=%2Fwp%2Fv2%2Fcategories&post=25968"},{"taxonomy":"post_tag","embeddable":true,"href":"https:\/\/encuentroinformativo.com.mx\/index.php?rest_route=%2Fwp%2Fv2%2Ftags&post=25968"}],"curies":[{"name":"wp","href":"https:\/\/api.w.org\/{rel}","templated":true}]}}