{"id":25971,"date":"2022-04-14T14:26:50","date_gmt":"2022-04-14T19:26:50","guid":{"rendered":"https:\/\/encuentroinformativo.com.mx\/?p=25971"},"modified":"2022-04-14T14:26:53","modified_gmt":"2022-04-14T19:26:53","slug":"apunalan-a-sujeto-frente-a-inspeccion-de-policia-en-tuxpan","status":"publish","type":"post","link":"https:\/\/encuentroinformativo.com.mx\/?p=25971","title":{"rendered":"Apu\u00f1alan a sujeto frente a Inspecci\u00f3n de Polic\u00eda en Tuxpan"},"content":{"rendered":"\n<p><strong>Alejandro \u00c1vila<\/strong><\/p>\n\n\n\n<p>Tuxpan, Ver.- Una persona fue apu\u00f1alada en la colonia Miguel Alem\u00e1n frente a la Inspecci\u00f3n de Polic\u00eda, sorprendentemente el agresor no fue detenido por los elementos del orden.<\/p>\n\n\n\n<p>Los hechos se registraron la madrugada de este jueves, en la sede de la Polic\u00eda Municipal ubicada en el libramiento &#8220;Adolfo L\u00f3pez Mateos&#8221; en la ciudad de Tuxpan.<\/p>\n\n\n\n<p>Los primeros reportes indican qu\u00e9 el lesionado, de nombre Ra\u00fal &#8220;N&#8221; de 55 a\u00f1os de edad, fue v\u00edctima de un asalto, por lo que tras el reporte de lo sucedido, acudieron param\u00e9dicos de la Cruz Roja para brindarle la atenci\u00f3n m\u00e9dica.<\/p>\n\n\n\n<p>La v\u00edctima relat\u00f3 qu\u00e9, se trasladaba rumbo a su hogar, ubicado en la colonia El Esfuerzo, cu\u00e1ndo fue sorprendido por una persona qui\u00e9n lo apu\u00f1al\u00f3 en dos ocasiones para quitarle sus pertenencias.<\/p>\n\n\n\n<p>El agredido fue trasladado al Hospital Civil &#8220;Emilio Alc\u00e1zar&#8221;, donde se le brind\u00f3 atenci\u00f3n m\u00e9dica; elementos de la Polic\u00eda Municipal dieron conocimiento de lo sucedido y se dispuso un operativo para buscar al responsable, sin lograr su captura.<\/p>\n","protected":false},"excerpt":{"rendered":"<p>Alejandro \u00c1vila Tuxpan, Ver.- Una persona fue apu\u00f1alada en la colonia Miguel Alem\u00e1n frente a la Inspecci\u00f3n de Polic\u00eda, sorprendentemente el agresor no fue detenido por los elementos del orden. Los hechos se registraron la madrugada de este jueves, en la sede de la Polic\u00eda Municipal ubicada en el libramiento &#8220;Adolfo L\u00f3pez Mateos&#8221; en la [&hellip;]<\/p>\n","protected":false},"author":1,"featured_media":25972,"comment_status":"open","ping_status":"open","sticky":false,"template":"","format":"standard","meta":{"_jetpack_memberships_contains_paid_content":false,"footnotes":""},"categories":[14],"tags":[],"class_list":["post-25971","post","type-post","status-publish","format-standard","has-post-thumbnail","hentry","category-policiaca"],"jetpack_featured_media_url":"https:\/\/encuentroinformativo.com.mx\/wp-content\/uploads\/2022\/04\/966E64B8-E920-416F-8A42-ABFD2910ED0F.jpeg","jetpack_sharing_enabled":true,"jetpack_likes_enabled":true,"amp_enabled":true,"_links":{"self":[{"href":"https:\/\/encuentroinformativo.com.mx\/index.php?rest_route=\/wp\/v2\/posts\/25971","targetHints":{"allow":["GET"]}}],"collection":[{"href":"https:\/\/encuentroinformativo.com.mx\/index.php?rest_route=\/wp\/v2\/posts"}],"about":[{"href":"https:\/\/encuentroinformativo.com.mx\/index.php?rest_route=\/wp\/v2\/types\/post"}],"author":[{"embeddable":true,"href":"https:\/\/encuentroinformativo.com.mx\/index.php?rest_route=\/wp\/v2\/users\/1"}],"replies":[{"embeddable":true,"href":"https:\/\/encuentroinformativo.com.mx\/index.php?rest_route=%2Fwp%2Fv2%2Fcomments&post=25971"}],"version-history":[{"count":1,"href":"https:\/\/encuentroinformativo.com.mx\/index.php?rest_route=\/wp\/v2\/posts\/25971\/revisions"}],"predecessor-version":[{"id":25973,"href":"https:\/\/encuentroinformativo.com.mx\/index.php?rest_route=\/wp\/v2\/posts\/25971\/revisions\/25973"}],"wp:featuredmedia":[{"embeddable":true,"href":"https:\/\/encuentroinformativo.com.mx\/index.php?rest_route=\/wp\/v2\/media\/25972"}],"wp:attachment":[{"href":"https:\/\/encuentroinformativo.com.mx\/index.php?rest_route=%2Fwp%2Fv2%2Fmedia&parent=25971"}],"wp:term":[{"taxonomy":"category","embeddable":true,"href":"https:\/\/encuentroinformativo.com.mx\/index.php?rest_route=%2Fwp%2Fv2%2Fcategories&post=25971"},{"taxonomy":"post_tag","embeddable":true,"href":"https:\/\/encuentroinformativo.com.mx\/index.php?rest_route=%2Fwp%2Fv2%2Ftags&post=25971"}],"curies":[{"name":"wp","href":"https:\/\/api.w.org\/{rel}","templated":true}]}}