{"id":25977,"date":"2022-04-15T12:11:16","date_gmt":"2022-04-15T17:11:16","guid":{"rendered":"https:\/\/encuentroinformativo.com.mx\/?p=25977"},"modified":"2022-04-15T12:11:19","modified_gmt":"2022-04-15T17:11:19","slug":"participan-xalapenos-en-viacrusis","status":"publish","type":"post","link":"https:\/\/encuentroinformativo.com.mx\/?p=25977","title":{"rendered":"Participan xalape\u00f1os en Viacrusis"},"content":{"rendered":"\n<p><strong>Juan Arcos <\/strong><\/p>\n\n\n\n<p>Xalapa, Ver.- Decenas de feligreses se concentraron en la explanada del barrio Xallitic, en esta ciudad, para participar en el Viacrucis durante esta Semana Santa.<\/p>\n\n\n\n<p>Un contingente encabezado por el p\u00e1rroco de la iglesia del Calvario, Salvador Morales Casas, se concentr\u00f3 en el puente Xallitic y posteriormente baj\u00f3 por una de las escalinatas.<\/p>\n\n\n\n<p>Tres mujeres cargaban una cruz negra de madera, misma que hab\u00eda sostenido la imagen de Jesucristo en la parroquia mencionada y que, tras las remodelaciones, ya no era utilizada de la misma manera.<\/p>\n\n\n\n<p>Otras cuatro mujeres cargaban la imagen de Jes\u00fas Nazareth, sosteniendo unas bases con sus hombros, para recordar el pasaje b\u00edblico sobre la crucifixi\u00f3n del hijo de la Virgen Mar\u00eda.<\/p>\n\n\n\n<p>\u201cVamos a hacer el rezo de este Santo Viacrucis, en este Viernes Santo en el que nos unimos toda la iglesia meditando en la facci\u00f3n dolorosa y la muerte de nuestro se\u00f1or Jesucristo para nuestra salvaci\u00f3n. Vamos a pedirle a Dios que nos perdone, que purifique nuestro coraz\u00f3n y as\u00ed participemos con un coraz\u00f3n limpio en el rezo de este Santo Viacrucis\u201d, expres\u00f3 el Sacerdote.<\/p>\n\n\n\n<p>Catorce estaciones se recorrieron en la explanada del barrio Xallitic y la \u00faltima en la parroquia del Calvario, ubicada sobre la calle Revoluci\u00f3n, en el centro de la ciudad.<\/p>\n\n\n\n<p>Posteriormente, el arzobispo de Xalapa, Jorge Carlos Patr\u00f3n Wong, encabez\u00f3 otro Viacrucis que inici\u00f3 en la Catedral y recorrer\u00eda el primer cuadro de la ciudad.<\/p>\n\n\n\n<figure class=\"wp-block-image size-large\"><img loading=\"lazy\" decoding=\"async\" width=\"1024\" height=\"768\" src=\"https:\/\/encuentroinformativo.com.mx\/wp-content\/uploads\/2022\/04\/EDE23B40-880B-4DD3-96E3-140CC25B5886-1024x768.jpeg\" alt=\"\" class=\"wp-image-25979\" srcset=\"https:\/\/encuentroinformativo.com.mx\/wp-content\/uploads\/2022\/04\/EDE23B40-880B-4DD3-96E3-140CC25B5886-1024x768.jpeg 1024w, https:\/\/encuentroinformativo.com.mx\/wp-content\/uploads\/2022\/04\/EDE23B40-880B-4DD3-96E3-140CC25B5886-300x225.jpeg 300w, https:\/\/encuentroinformativo.com.mx\/wp-content\/uploads\/2022\/04\/EDE23B40-880B-4DD3-96E3-140CC25B5886-768x576.jpeg 768w, https:\/\/encuentroinformativo.com.mx\/wp-content\/uploads\/2022\/04\/EDE23B40-880B-4DD3-96E3-140CC25B5886-1536x1152.jpeg 1536w, https:\/\/encuentroinformativo.com.mx\/wp-content\/uploads\/2022\/04\/EDE23B40-880B-4DD3-96E3-140CC25B5886.jpeg 2016w\" sizes=\"auto, (max-width: 1024px) 100vw, 1024px\" \/><\/figure>\n","protected":false},"excerpt":{"rendered":"<p>Juan Arcos Xalapa, Ver.- Decenas de feligreses se concentraron en la explanada del barrio Xallitic, en esta ciudad, para participar en el Viacrucis durante esta Semana Santa. Un contingente encabezado por el p\u00e1rroco de la iglesia del Calvario, Salvador Morales Casas, se concentr\u00f3 en el puente Xallitic y posteriormente baj\u00f3 por una de las escalinatas. [&hellip;]<\/p>\n","protected":false},"author":1,"featured_media":25978,"comment_status":"open","ping_status":"open","sticky":false,"template":"","format":"standard","meta":{"_jetpack_memberships_contains_paid_content":false,"footnotes":""},"categories":[3],"tags":[],"class_list":["post-25977","post","type-post","status-publish","format-standard","has-post-thumbnail","hentry","category-xalapa"],"jetpack_featured_media_url":"https:\/\/encuentroinformativo.com.mx\/wp-content\/uploads\/2022\/04\/B8F1D4A0-63A9-4DE9-ABD3-3895529A16A4.jpeg","jetpack_sharing_enabled":true,"jetpack_likes_enabled":true,"amp_enabled":true,"_links":{"self":[{"href":"https:\/\/encuentroinformativo.com.mx\/index.php?rest_route=\/wp\/v2\/posts\/25977","targetHints":{"allow":["GET"]}}],"collection":[{"href":"https:\/\/encuentroinformativo.com.mx\/index.php?rest_route=\/wp\/v2\/posts"}],"about":[{"href":"https:\/\/encuentroinformativo.com.mx\/index.php?rest_route=\/wp\/v2\/types\/post"}],"author":[{"embeddable":true,"href":"https:\/\/encuentroinformativo.com.mx\/index.php?rest_route=\/wp\/v2\/users\/1"}],"replies":[{"embeddable":true,"href":"https:\/\/encuentroinformativo.com.mx\/index.php?rest_route=%2Fwp%2Fv2%2Fcomments&post=25977"}],"version-history":[{"count":1,"href":"https:\/\/encuentroinformativo.com.mx\/index.php?rest_route=\/wp\/v2\/posts\/25977\/revisions"}],"predecessor-version":[{"id":25980,"href":"https:\/\/encuentroinformativo.com.mx\/index.php?rest_route=\/wp\/v2\/posts\/25977\/revisions\/25980"}],"wp:featuredmedia":[{"embeddable":true,"href":"https:\/\/encuentroinformativo.com.mx\/index.php?rest_route=\/wp\/v2\/media\/25978"}],"wp:attachment":[{"href":"https:\/\/encuentroinformativo.com.mx\/index.php?rest_route=%2Fwp%2Fv2%2Fmedia&parent=25977"}],"wp:term":[{"taxonomy":"category","embeddable":true,"href":"https:\/\/encuentroinformativo.com.mx\/index.php?rest_route=%2Fwp%2Fv2%2Fcategories&post=25977"},{"taxonomy":"post_tag","embeddable":true,"href":"https:\/\/encuentroinformativo.com.mx\/index.php?rest_route=%2Fwp%2Fv2%2Ftags&post=25977"}],"curies":[{"name":"wp","href":"https:\/\/api.w.org\/{rel}","templated":true}]}}