{"id":25984,"date":"2022-04-15T12:53:16","date_gmt":"2022-04-15T17:53:16","guid":{"rendered":"https:\/\/encuentroinformativo.com.mx\/?p=25984"},"modified":"2022-04-15T12:53:19","modified_gmt":"2022-04-15T17:53:19","slug":"choferes-y-hombres-no-respetan-urbanos-viaja-segura","status":"publish","type":"post","link":"https:\/\/encuentroinformativo.com.mx\/?p=25984","title":{"rendered":"Choferes y hombres no respetan urbanos &#8220;Viaja Segura&#8221;"},"content":{"rendered":"\n<p><strong>Alejandro \u00c1vila<\/strong><\/p>\n\n\n\n<p>Veracruz, Ver.- Tan solo han pasado 3 d\u00edas qu\u00e9 se dio a conocer el programa &#8220;Viaja Segura&#8221;, d\u00f3nde se implementaron autobuses urbanos exclusivos del uso de mujeres; sin embargo, en redes sociales ya se hicieron las primeras denuncias al respecto.<\/p>\n\n\n\n<p>Las publicaciones en redes sociales se\u00f1alan que, tanto los choferes como los hombres, no respetan las rutas de camiones pintadas de color rosa y las cuales aseguraron ser\u00edan uso exclusivo de mujeres y ni\u00f1os menores de 12 a\u00f1os; pues en varios de ellos, se ha visto a personas del sexo masculino a bordo de las unidades.<\/p>\n\n\n\n<p>La denuncia fue acompa\u00f1ada de fotograf\u00edas, donde se demuestra qu\u00e9 los choferes de cami\u00f3n y los hombres, est\u00e1n violentado las reglas que deb\u00edan regir al programa que, presuntamente, busca que las mujeres puedan viajar libres de acoso y violencia de g\u00e9nero.<\/p>\n\n\n\n<p>El mismo secretario de Seguridad P\u00fablica, Hugo Gutierrez Maldonado, fue qui\u00e9n dio el banderazo al programa el pasado 12 de abril; y a unas cuantas horas de iniciado el proyecto, no se han respetado los ocho camiones de las cuatro rutas, que transitan la zona conurbada Veracruz, Boca del R\u00edo y Medell\u00edn de Bravo.<\/p>\n\n\n\n<p>Durante ese mismo evento, los mismos conductores de las unidades participantes del programa &#8220;Viaja Segura&#8221; reconocieron que, no est\u00e1n capacitados, ni cuentan con protocolo alguno para atender situaciones de violencia de g\u00e9nero a bordo de las unidades de trasporte p\u00fablico.<\/p>\n","protected":false},"excerpt":{"rendered":"<p>Alejandro \u00c1vila Veracruz, Ver.- Tan solo han pasado 3 d\u00edas qu\u00e9 se dio a conocer el programa &#8220;Viaja Segura&#8221;, d\u00f3nde se implementaron autobuses urbanos exclusivos del uso de mujeres; sin embargo, en redes sociales ya se hicieron las primeras denuncias al respecto. Las publicaciones en redes sociales se\u00f1alan que, tanto los choferes como los hombres, [&hellip;]<\/p>\n","protected":false},"author":1,"featured_media":25985,"comment_status":"open","ping_status":"open","sticky":false,"template":"","format":"standard","meta":{"_jetpack_memberships_contains_paid_content":false,"footnotes":""},"categories":[2],"tags":[],"class_list":["post-25984","post","type-post","status-publish","format-standard","has-post-thumbnail","hentry","category-estado"],"jetpack_featured_media_url":"https:\/\/encuentroinformativo.com.mx\/wp-content\/uploads\/2022\/04\/317D3636-F617-497E-AF02-84429FE32979.jpeg","jetpack_sharing_enabled":true,"jetpack_likes_enabled":true,"amp_enabled":true,"_links":{"self":[{"href":"https:\/\/encuentroinformativo.com.mx\/index.php?rest_route=\/wp\/v2\/posts\/25984","targetHints":{"allow":["GET"]}}],"collection":[{"href":"https:\/\/encuentroinformativo.com.mx\/index.php?rest_route=\/wp\/v2\/posts"}],"about":[{"href":"https:\/\/encuentroinformativo.com.mx\/index.php?rest_route=\/wp\/v2\/types\/post"}],"author":[{"embeddable":true,"href":"https:\/\/encuentroinformativo.com.mx\/index.php?rest_route=\/wp\/v2\/users\/1"}],"replies":[{"embeddable":true,"href":"https:\/\/encuentroinformativo.com.mx\/index.php?rest_route=%2Fwp%2Fv2%2Fcomments&post=25984"}],"version-history":[{"count":1,"href":"https:\/\/encuentroinformativo.com.mx\/index.php?rest_route=\/wp\/v2\/posts\/25984\/revisions"}],"predecessor-version":[{"id":25986,"href":"https:\/\/encuentroinformativo.com.mx\/index.php?rest_route=\/wp\/v2\/posts\/25984\/revisions\/25986"}],"wp:featuredmedia":[{"embeddable":true,"href":"https:\/\/encuentroinformativo.com.mx\/index.php?rest_route=\/wp\/v2\/media\/25985"}],"wp:attachment":[{"href":"https:\/\/encuentroinformativo.com.mx\/index.php?rest_route=%2Fwp%2Fv2%2Fmedia&parent=25984"}],"wp:term":[{"taxonomy":"category","embeddable":true,"href":"https:\/\/encuentroinformativo.com.mx\/index.php?rest_route=%2Fwp%2Fv2%2Fcategories&post=25984"},{"taxonomy":"post_tag","embeddable":true,"href":"https:\/\/encuentroinformativo.com.mx\/index.php?rest_route=%2Fwp%2Fv2%2Ftags&post=25984"}],"curies":[{"name":"wp","href":"https:\/\/api.w.org\/{rel}","templated":true}]}}