{"id":25993,"date":"2022-04-15T13:50:03","date_gmt":"2022-04-15T18:50:03","guid":{"rendered":"https:\/\/encuentroinformativo.com.mx\/?p=25993"},"modified":"2022-04-15T13:50:06","modified_gmt":"2022-04-15T18:50:06","slug":"ocupacion-hotelera-total-segun-semaforo-epidemiologico-de-veracruz-boca-del-rio","status":"publish","type":"post","link":"https:\/\/encuentroinformativo.com.mx\/?p=25993","title":{"rendered":"Ocupaci\u00f3n hotelera total seg\u00fan sem\u00e1foro epidemiol\u00f3gico de Veracruz &#8211; Boca del R\u00edo"},"content":{"rendered":"\n<p><strong>Alejandro \u00c1vila<\/strong><\/p>\n\n\n\n<p>Veracruz, Ver.- Los hoteles de la zona conurbada Veracruz &#8211; Boca del R\u00edo cuentan con una ocupaci\u00f3n hotelera completa, seg\u00fan el sem\u00e1foro epidemiol\u00f3gico que hay en la actualidad, asegur\u00f3 el presidente de la Asociaci\u00f3n, Santiago Caram\u00e9s Chaparro.<\/p>\n\n\n\n<p>En ese sentido, explic\u00f3 que, al momento se cuenta con reservaciones de hasta 75 por ciento, y se espera que esa sea la ocupaci\u00f3n hotelera promedio ya que el sem\u00e1foro es amarillo.<\/p>\n\n\n\n<p>&#8220;Por el momento se est\u00e1n alcanzando los l\u00edmites permitidos por el sem\u00e1foro, de un 75 por ciento, qu\u00e9 es lo que vamos promediando hasta el d\u00eda de ayer, m\u00e1s o menos en la semana, contando el fin de semana pasado (\u2026) la idea es esa, alcanzar un 100 por ciento, de acuerdo con lo permitido&#8221;, apunt\u00f3.<\/p>\n\n\n\n<p>Caram\u00e9s Chaparro reconoci\u00f3 que, se est\u00e1 reactivando la afluencia tur\u00edstica en el estado de Veracruz; aunque apunt\u00f3, no se puede hablar de recuperaci\u00f3n, pues los meses de mayor impacto de la pandemia los dejaron muy afectados y, para lograr la llamada &#8220;recuperaci\u00f3n&#8221;, tendr\u00e1n que pasar un par de a\u00f1os m\u00e1s.<\/p>\n\n\n\n<p>El&nbsp; sem\u00e1foro epidemiol\u00f3gico que se encuentra vigente mantiene 1 municipio en naranja, 54 en amarillo (incluyendo Veracruz- Boca del R\u00edo, que representa m\u00e1s del 30 por ciento de turismo del estado), y 157 en verde.&nbsp;<\/p>\n","protected":false},"excerpt":{"rendered":"<p>Alejandro \u00c1vila Veracruz, Ver.- Los hoteles de la zona conurbada Veracruz &#8211; Boca del R\u00edo cuentan con una ocupaci\u00f3n hotelera completa, seg\u00fan el sem\u00e1foro epidemiol\u00f3gico que hay en la actualidad, asegur\u00f3 el presidente de la Asociaci\u00f3n, Santiago Caram\u00e9s Chaparro. En ese sentido, explic\u00f3 que, al momento se cuenta con reservaciones de hasta 75 por ciento, [&hellip;]<\/p>\n","protected":false},"author":1,"featured_media":25994,"comment_status":"open","ping_status":"open","sticky":false,"template":"","format":"standard","meta":{"_jetpack_memberships_contains_paid_content":false,"footnotes":""},"categories":[2],"tags":[],"class_list":["post-25993","post","type-post","status-publish","format-standard","has-post-thumbnail","hentry","category-estado"],"jetpack_featured_media_url":"https:\/\/encuentroinformativo.com.mx\/wp-content\/uploads\/2022\/04\/5305E2C7-F3DE-4D3E-B254-A0C9C312AECA.jpeg","jetpack_sharing_enabled":true,"jetpack_likes_enabled":true,"amp_enabled":true,"_links":{"self":[{"href":"https:\/\/encuentroinformativo.com.mx\/index.php?rest_route=\/wp\/v2\/posts\/25993","targetHints":{"allow":["GET"]}}],"collection":[{"href":"https:\/\/encuentroinformativo.com.mx\/index.php?rest_route=\/wp\/v2\/posts"}],"about":[{"href":"https:\/\/encuentroinformativo.com.mx\/index.php?rest_route=\/wp\/v2\/types\/post"}],"author":[{"embeddable":true,"href":"https:\/\/encuentroinformativo.com.mx\/index.php?rest_route=\/wp\/v2\/users\/1"}],"replies":[{"embeddable":true,"href":"https:\/\/encuentroinformativo.com.mx\/index.php?rest_route=%2Fwp%2Fv2%2Fcomments&post=25993"}],"version-history":[{"count":1,"href":"https:\/\/encuentroinformativo.com.mx\/index.php?rest_route=\/wp\/v2\/posts\/25993\/revisions"}],"predecessor-version":[{"id":25995,"href":"https:\/\/encuentroinformativo.com.mx\/index.php?rest_route=\/wp\/v2\/posts\/25993\/revisions\/25995"}],"wp:featuredmedia":[{"embeddable":true,"href":"https:\/\/encuentroinformativo.com.mx\/index.php?rest_route=\/wp\/v2\/media\/25994"}],"wp:attachment":[{"href":"https:\/\/encuentroinformativo.com.mx\/index.php?rest_route=%2Fwp%2Fv2%2Fmedia&parent=25993"}],"wp:term":[{"taxonomy":"category","embeddable":true,"href":"https:\/\/encuentroinformativo.com.mx\/index.php?rest_route=%2Fwp%2Fv2%2Fcategories&post=25993"},{"taxonomy":"post_tag","embeddable":true,"href":"https:\/\/encuentroinformativo.com.mx\/index.php?rest_route=%2Fwp%2Fv2%2Ftags&post=25993"}],"curies":[{"name":"wp","href":"https:\/\/api.w.org\/{rel}","templated":true}]}}