{"id":25999,"date":"2022-04-15T17:02:51","date_gmt":"2022-04-15T22:02:51","guid":{"rendered":"https:\/\/encuentroinformativo.com.mx\/?p=25999"},"modified":"2022-04-15T17:02:54","modified_gmt":"2022-04-15T22:02:54","slug":"encabezo-arzobispo-viacrusis-en-xalapa","status":"publish","type":"post","link":"https:\/\/encuentroinformativo.com.mx\/?p=25999","title":{"rendered":"Encabez\u00f3 Arzobispo Viacrusis en Xalapa"},"content":{"rendered":"\n<p><strong>Dar\u00edo Pale<\/strong><\/p>\n\n\n\n<p>Xalapa, Ver.- El arzobispo de Xalapa Jorge Carlos Patr\u00f3n Wong encabez\u00f3 su primer viacrusis de la catedral metropolitana por las principales calles del centro de la capital del estado donde \u00e9l inicio cargando la Cruz.<\/p>\n\n\n\n<p>El recorrido inicio en la calle de Revoluci\u00f3n para posteriormente recorrer parte de la calle de Ju\u00e1rez, bajaron por Clavijero, pasaron por el viaducto hasta llegar a la calle de Zaragoza, dieron vuelta en la calle de Primo Verdad y retornar por Enr\u00edquez hasta llegar nuevamente a la Catedral metropolitana.<\/p>\n\n\n\n<p>Este viernes Santo, la iglesia recuerda la pasi\u00f3n y muerte del Se\u00f1or Jes\u00fas, uno de los actos de piedad popular, por lo que la catedral realiz\u00f3 el rezo del Santo Viacrucis presidido por el Arzobispo Jorge Carlos Patr\u00f3n Wong, el pesbritero Roberto Reyes Anaya, P\u00e1rroco de Catedral y el padre Jos\u00e9 Carlos Moreno Barrera, vicario.<\/p>\n\n\n\n<p>Durante el recorrido el Arzobispo cargo la cruz en dos ocasiones y realiz\u00f3 las oraciones propias, al igual que los sacerdotes que lo acompa\u00f1aron acompa\u00f1ado de una gran multitud de personas, ni\u00f1os, adultos y ancianos quienes recorrieron las calles del centro de la ciudad acompa\u00f1ando a Jes\u00fas en su camino al calvario.<\/p>\n\n\n\n<p>Finalmente cabe recordar que a las 20:00 horas de este viernes tendr\u00e1 lugar la tradicional Procesi\u00f3n del Silencio que saldr\u00e1 \u00a0de la parroquia Emperatriz de Am\u00e9rica, en avenida Am\u00e9ricas, y terminar\u00e1 en la Plaza Lerdo en la Catedral. \u00a0<\/p>\n","protected":false},"excerpt":{"rendered":"<p>Dar\u00edo Pale Xalapa, Ver.- El arzobispo de Xalapa Jorge Carlos Patr\u00f3n Wong encabez\u00f3 su primer viacrusis de la catedral metropolitana por las principales calles del centro de la capital del estado donde \u00e9l inicio cargando la Cruz. El recorrido inicio en la calle de Revoluci\u00f3n para posteriormente recorrer parte de la calle de Ju\u00e1rez, bajaron [&hellip;]<\/p>\n","protected":false},"author":1,"featured_media":26000,"comment_status":"open","ping_status":"open","sticky":false,"template":"","format":"standard","meta":{"_jetpack_memberships_contains_paid_content":false,"footnotes":""},"categories":[3],"tags":[],"class_list":["post-25999","post","type-post","status-publish","format-standard","has-post-thumbnail","hentry","category-xalapa"],"jetpack_featured_media_url":"https:\/\/encuentroinformativo.com.mx\/wp-content\/uploads\/2022\/04\/34B841C4-728D-46DC-BC0B-401210A2FF97.jpeg","jetpack_sharing_enabled":true,"jetpack_likes_enabled":true,"amp_enabled":true,"_links":{"self":[{"href":"https:\/\/encuentroinformativo.com.mx\/index.php?rest_route=\/wp\/v2\/posts\/25999","targetHints":{"allow":["GET"]}}],"collection":[{"href":"https:\/\/encuentroinformativo.com.mx\/index.php?rest_route=\/wp\/v2\/posts"}],"about":[{"href":"https:\/\/encuentroinformativo.com.mx\/index.php?rest_route=\/wp\/v2\/types\/post"}],"author":[{"embeddable":true,"href":"https:\/\/encuentroinformativo.com.mx\/index.php?rest_route=\/wp\/v2\/users\/1"}],"replies":[{"embeddable":true,"href":"https:\/\/encuentroinformativo.com.mx\/index.php?rest_route=%2Fwp%2Fv2%2Fcomments&post=25999"}],"version-history":[{"count":1,"href":"https:\/\/encuentroinformativo.com.mx\/index.php?rest_route=\/wp\/v2\/posts\/25999\/revisions"}],"predecessor-version":[{"id":26001,"href":"https:\/\/encuentroinformativo.com.mx\/index.php?rest_route=\/wp\/v2\/posts\/25999\/revisions\/26001"}],"wp:featuredmedia":[{"embeddable":true,"href":"https:\/\/encuentroinformativo.com.mx\/index.php?rest_route=\/wp\/v2\/media\/26000"}],"wp:attachment":[{"href":"https:\/\/encuentroinformativo.com.mx\/index.php?rest_route=%2Fwp%2Fv2%2Fmedia&parent=25999"}],"wp:term":[{"taxonomy":"category","embeddable":true,"href":"https:\/\/encuentroinformativo.com.mx\/index.php?rest_route=%2Fwp%2Fv2%2Fcategories&post=25999"},{"taxonomy":"post_tag","embeddable":true,"href":"https:\/\/encuentroinformativo.com.mx\/index.php?rest_route=%2Fwp%2Fv2%2Ftags&post=25999"}],"curies":[{"name":"wp","href":"https:\/\/api.w.org\/{rel}","templated":true}]}}