{"id":26002,"date":"2022-04-15T17:08:45","date_gmt":"2022-04-15T22:08:45","guid":{"rendered":"https:\/\/encuentroinformativo.com.mx\/?p=26002"},"modified":"2022-04-15T17:08:49","modified_gmt":"2022-04-15T22:08:49","slug":"se-registro-tragico-accidente-sobre-la-xalapa-perote","status":"publish","type":"post","link":"https:\/\/encuentroinformativo.com.mx\/?p=26002","title":{"rendered":"Se registr\u00f3 tr\u00e1gico accidente sobre la Xalapa-Perote"},"content":{"rendered":"\n<p><strong>Juan Arcos<\/strong><\/p>\n\n\n\n<p>Xalapa, Ver.- El Viernes Santo inici\u00f3 en tragedia en la regi\u00f3n capital del estado de Veracruz, tras un aparatoso accidente sobre la autopista Perote-Xalapa, con un saldo de un fallecido y dos heridos.<\/p>\n\n\n\n<p>Los hechos ocurrieron despu\u00e9s de las 8:30 horas en la localidad Cruz Blanca, municipio de Villa Aldama, cerca del entronque de la carretera con direcci\u00f3n a Valsequillo.<\/p>\n\n\n\n<p>De acuerdo con informaci\u00f3n del Escuadr\u00f3n Nacional de Rescate, una camioneta, marca Dodge-Journey, color vino, choc\u00f3 de frente contra un cami\u00f3n de pasajeros de la l\u00ednea Autobuses Unidos (AU).<\/p>\n\n\n\n<p>La camioneta qued\u00f3 destruida de la parte delantera y atravesada sobre la v\u00eda de comunicaci\u00f3n, tras haber derrapado varios metros por el percance.<\/p>\n\n\n\n<p>Los automovilistas que circulaban en la zona reportaron el accidente al n\u00famero de emergencias 911, por lo que se movilizaron elementos de Protecci\u00f3n Civil de Villa Aldama, bomberos de Perote y del Escuadr\u00f3n Nacional de Rescate.<\/p>\n\n\n\n<p>Los param\u00e9dicos confirmaron la muerte del conductor del veh\u00edculo particular y brindaron los primeros auxilios al copiloto del mismo autom\u00f3vil, as\u00ed como al chofer del autob\u00fas, para despu\u00e9s trasladarlos a un hospital.<\/p>\n\n\n\n<p>Elementos de la Secretar\u00eda de Seguridad P\u00fablica (SSP) acordonaron el \u00e1rea y realizaron un operativo para alertar a las dem\u00e1s conductores y evitar m\u00e1s percances.<\/p>\n\n\n\n<p>Al sitio arribaron tambi\u00e9n elementos de la Fiscal\u00eda General del Estado (FGE) para tomar conocimiento del caso y recuperar el cad\u00e1ver que qued\u00f3 prensado al interior de la camioneta, para posteriormente llevarlo al Servicio M\u00e9dico Forense (Semefo).<\/p>\n\n\n\n<p>Hasta el momento, se desconocen las causas del accidente; sin embargo, las autoridades llevan a cabo las diligencias correspondientes.<\/p>\n","protected":false},"excerpt":{"rendered":"<p>Juan Arcos Xalapa, Ver.- El Viernes Santo inici\u00f3 en tragedia en la regi\u00f3n capital del estado de Veracruz, tras un aparatoso accidente sobre la autopista Perote-Xalapa, con un saldo de un fallecido y dos heridos. Los hechos ocurrieron despu\u00e9s de las 8:30 horas en la localidad Cruz Blanca, municipio de Villa Aldama, cerca del entronque [&hellip;]<\/p>\n","protected":false},"author":1,"featured_media":26003,"comment_status":"open","ping_status":"open","sticky":false,"template":"","format":"standard","meta":{"_jetpack_memberships_contains_paid_content":false,"footnotes":""},"categories":[8],"tags":[],"class_list":["post-26002","post","type-post","status-publish","format-standard","has-post-thumbnail","hentry","category-region"],"jetpack_featured_media_url":"https:\/\/encuentroinformativo.com.mx\/wp-content\/uploads\/2022\/04\/AC54C2ED-BE71-4B1A-B25D-6558A73C95E5.jpeg","jetpack_sharing_enabled":true,"jetpack_likes_enabled":true,"amp_enabled":true,"_links":{"self":[{"href":"https:\/\/encuentroinformativo.com.mx\/index.php?rest_route=\/wp\/v2\/posts\/26002","targetHints":{"allow":["GET"]}}],"collection":[{"href":"https:\/\/encuentroinformativo.com.mx\/index.php?rest_route=\/wp\/v2\/posts"}],"about":[{"href":"https:\/\/encuentroinformativo.com.mx\/index.php?rest_route=\/wp\/v2\/types\/post"}],"author":[{"embeddable":true,"href":"https:\/\/encuentroinformativo.com.mx\/index.php?rest_route=\/wp\/v2\/users\/1"}],"replies":[{"embeddable":true,"href":"https:\/\/encuentroinformativo.com.mx\/index.php?rest_route=%2Fwp%2Fv2%2Fcomments&post=26002"}],"version-history":[{"count":1,"href":"https:\/\/encuentroinformativo.com.mx\/index.php?rest_route=\/wp\/v2\/posts\/26002\/revisions"}],"predecessor-version":[{"id":26004,"href":"https:\/\/encuentroinformativo.com.mx\/index.php?rest_route=\/wp\/v2\/posts\/26002\/revisions\/26004"}],"wp:featuredmedia":[{"embeddable":true,"href":"https:\/\/encuentroinformativo.com.mx\/index.php?rest_route=\/wp\/v2\/media\/26003"}],"wp:attachment":[{"href":"https:\/\/encuentroinformativo.com.mx\/index.php?rest_route=%2Fwp%2Fv2%2Fmedia&parent=26002"}],"wp:term":[{"taxonomy":"category","embeddable":true,"href":"https:\/\/encuentroinformativo.com.mx\/index.php?rest_route=%2Fwp%2Fv2%2Fcategories&post=26002"},{"taxonomy":"post_tag","embeddable":true,"href":"https:\/\/encuentroinformativo.com.mx\/index.php?rest_route=%2Fwp%2Fv2%2Ftags&post=26002"}],"curies":[{"name":"wp","href":"https:\/\/api.w.org\/{rel}","templated":true}]}}