{"id":2601,"date":"2020-05-16T20:47:52","date_gmt":"2020-05-17T01:47:52","guid":{"rendered":"https:\/\/encuentroinformativo.com\/?p=2601"},"modified":"2020-05-16T19:53:25","modified_gmt":"2020-05-17T00:53:25","slug":"por-asaltos-aumentara-policia-operativos-en-colonias","status":"publish","type":"post","link":"https:\/\/encuentroinformativo.com.mx\/?p=2601","title":{"rendered":"Por asaltos, aumentar\u00e1 polic\u00eda operativos en colonias"},"content":{"rendered":"\n<p><strong>Dar\u00edo Pale <\/strong><\/p>\n\n\n\n<p>Xalapa, Ver.- El Director de Seguridad Ciudadana del Ayuntamiento de Xalapa, Francisco Villa Campa dio a conocer que debido a que \u00faltimamente han reportado asaltos los cuales se han cometido por sujetos a bordo de motocicletas en Xalapa, la Polic\u00eda Municipal en coordinaci\u00f3n con la Polic\u00eda Estatal implementar\u00e1n revisiones, principalmente en las colonias de la periferia.<\/p>\n\n\n\n<p>Entrevistado a las afueras de palacio municipal dio a conocer \u201cestamos trabajando en coordinaci\u00f3n con Polic\u00eda Estatal en algunas colonias para incrementar las revisiones a motociclistas&#8221;.<\/p>\n\n\n\n<p>Dijo que independientemente de las caracter\u00edsticas se revisar\u00e1 a quien use dicho transporte.<\/p>\n\n\n\n<p>&#8220;Hay algunos puntos que se est\u00e1n se\u00f1alando, sobre todo sobre personas que est\u00e1n realizando robo a transe\u00fantes y esto lo realizan a bordo de motocicletas, por eso estamos trabajando sobre ellos en la periferia&#8221; abund\u00f3.<\/p>\n\n\n\n<p>Por \u00faltimo, asegur\u00f3 que ha disminuido el robo a casa habitaci\u00f3n, pero ahora se tienen m\u00e1s reportes de asaltos cometidos por motociclistas.<\/p>\n\n\n\n<p><\/p>\n","protected":false},"excerpt":{"rendered":"<p>Dar\u00edo Pale Xalapa, Ver.- El Director de Seguridad Ciudadana del Ayuntamiento de Xalapa, Francisco Villa Campa dio a conocer que debido a que \u00faltimamente han reportado asaltos los cuales se han cometido por sujetos a bordo de motocicletas en Xalapa, la Polic\u00eda Municipal en coordinaci\u00f3n con la Polic\u00eda Estatal implementar\u00e1n revisiones, principalmente en las colonias [&hellip;]<\/p>\n","protected":false},"author":1,"featured_media":2602,"comment_status":"open","ping_status":"open","sticky":false,"template":"","format":"standard","meta":{"_jetpack_memberships_contains_paid_content":false,"footnotes":""},"categories":[3],"tags":[],"class_list":["post-2601","post","type-post","status-publish","format-standard","has-post-thumbnail","hentry","category-xalapa"],"jetpack_featured_media_url":"https:\/\/encuentroinformativo.com.mx\/wp-content\/uploads\/2020\/05\/7D220018-B225-4156-9598-2DEC4641D676.jpeg","jetpack_sharing_enabled":true,"jetpack_likes_enabled":true,"amp_enabled":true,"_links":{"self":[{"href":"https:\/\/encuentroinformativo.com.mx\/index.php?rest_route=\/wp\/v2\/posts\/2601","targetHints":{"allow":["GET"]}}],"collection":[{"href":"https:\/\/encuentroinformativo.com.mx\/index.php?rest_route=\/wp\/v2\/posts"}],"about":[{"href":"https:\/\/encuentroinformativo.com.mx\/index.php?rest_route=\/wp\/v2\/types\/post"}],"author":[{"embeddable":true,"href":"https:\/\/encuentroinformativo.com.mx\/index.php?rest_route=\/wp\/v2\/users\/1"}],"replies":[{"embeddable":true,"href":"https:\/\/encuentroinformativo.com.mx\/index.php?rest_route=%2Fwp%2Fv2%2Fcomments&post=2601"}],"version-history":[{"count":1,"href":"https:\/\/encuentroinformativo.com.mx\/index.php?rest_route=\/wp\/v2\/posts\/2601\/revisions"}],"predecessor-version":[{"id":2603,"href":"https:\/\/encuentroinformativo.com.mx\/index.php?rest_route=\/wp\/v2\/posts\/2601\/revisions\/2603"}],"wp:featuredmedia":[{"embeddable":true,"href":"https:\/\/encuentroinformativo.com.mx\/index.php?rest_route=\/wp\/v2\/media\/2602"}],"wp:attachment":[{"href":"https:\/\/encuentroinformativo.com.mx\/index.php?rest_route=%2Fwp%2Fv2%2Fmedia&parent=2601"}],"wp:term":[{"taxonomy":"category","embeddable":true,"href":"https:\/\/encuentroinformativo.com.mx\/index.php?rest_route=%2Fwp%2Fv2%2Fcategories&post=2601"},{"taxonomy":"post_tag","embeddable":true,"href":"https:\/\/encuentroinformativo.com.mx\/index.php?rest_route=%2Fwp%2Fv2%2Ftags&post=2601"}],"curies":[{"name":"wp","href":"https:\/\/api.w.org\/{rel}","templated":true}]}}