{"id":26021,"date":"2022-04-16T02:36:39","date_gmt":"2022-04-16T07:36:39","guid":{"rendered":"https:\/\/encuentroinformativo.com.mx\/?p=26021"},"modified":"2022-04-16T02:36:42","modified_gmt":"2022-04-16T07:36:42","slug":"asistieron-feligreses-a-procesion-del-silencio","status":"publish","type":"post","link":"https:\/\/encuentroinformativo.com.mx\/?p=26021","title":{"rendered":"Asistieron feligreses a Procesi\u00f3n del Silencio"},"content":{"rendered":"\n<p>Xalapa, Ver.- Cientos de feligreses participaron de la Procesi\u00f3n del Silencio este viernes santo, encabezada por el arzobispo, Jorge Carlos Patr\u00f3n Wong, quien acompa\u00f1\u00f3 a la Virgen Mar\u00eda en su dolor y luto tras la muerte en la cruz de su hijo Jes\u00fas.<\/p>\n\n\n\n<p>Tras salir de la parroquia Emperatriz de Am\u00e9rica recorrieron las calles Clavijero, Poeta, Cinco de Febrero, Xalape\u00f1os Ilustres hasta llegar a la iglesia Catedral donde el Arzobispo agradeci\u00f3 a los fieles cat\u00f3licos que participar\u00e1n en la marcha.<br><\/p>\n\n\n\n<figure class=\"wp-block-image size-large\"><img loading=\"lazy\" decoding=\"async\" width=\"1024\" height=\"683\" src=\"https:\/\/encuentroinformativo.com.mx\/wp-content\/uploads\/2022\/04\/7B6C749C-0BB7-4FFB-85B3-83530F635C6F-1024x683.jpeg\" alt=\"\" class=\"wp-image-26023\" srcset=\"https:\/\/encuentroinformativo.com.mx\/wp-content\/uploads\/2022\/04\/7B6C749C-0BB7-4FFB-85B3-83530F635C6F-1024x683.jpeg 1024w, https:\/\/encuentroinformativo.com.mx\/wp-content\/uploads\/2022\/04\/7B6C749C-0BB7-4FFB-85B3-83530F635C6F-300x200.jpeg 300w, https:\/\/encuentroinformativo.com.mx\/wp-content\/uploads\/2022\/04\/7B6C749C-0BB7-4FFB-85B3-83530F635C6F-768x512.jpeg 768w, https:\/\/encuentroinformativo.com.mx\/wp-content\/uploads\/2022\/04\/7B6C749C-0BB7-4FFB-85B3-83530F635C6F.jpeg 1488w\" sizes=\"auto, (max-width: 1024px) 100vw, 1024px\" \/><\/figure>\n\n\n\n<figure class=\"wp-block-image size-large\"><img loading=\"lazy\" decoding=\"async\" width=\"1024\" height=\"683\" src=\"https:\/\/encuentroinformativo.com.mx\/wp-content\/uploads\/2022\/04\/66421D40-2D3C-4C0D-B957-48DF16C4B5E0-1024x683.jpeg\" alt=\"\" class=\"wp-image-26024\" srcset=\"https:\/\/encuentroinformativo.com.mx\/wp-content\/uploads\/2022\/04\/66421D40-2D3C-4C0D-B957-48DF16C4B5E0-1024x683.jpeg 1024w, https:\/\/encuentroinformativo.com.mx\/wp-content\/uploads\/2022\/04\/66421D40-2D3C-4C0D-B957-48DF16C4B5E0-300x200.jpeg 300w, https:\/\/encuentroinformativo.com.mx\/wp-content\/uploads\/2022\/04\/66421D40-2D3C-4C0D-B957-48DF16C4B5E0-768x512.jpeg 768w, https:\/\/encuentroinformativo.com.mx\/wp-content\/uploads\/2022\/04\/66421D40-2D3C-4C0D-B957-48DF16C4B5E0.jpeg 1488w\" sizes=\"auto, (max-width: 1024px) 100vw, 1024px\" \/><\/figure>\n\n\n\n<figure class=\"wp-block-image size-large\"><img loading=\"lazy\" decoding=\"async\" width=\"1024\" height=\"683\" src=\"https:\/\/encuentroinformativo.com.mx\/wp-content\/uploads\/2022\/04\/BF759DF6-A0CB-4976-8552-493E62C885AA-1024x683.jpeg\" alt=\"\" class=\"wp-image-26025\" srcset=\"https:\/\/encuentroinformativo.com.mx\/wp-content\/uploads\/2022\/04\/BF759DF6-A0CB-4976-8552-493E62C885AA-1024x683.jpeg 1024w, https:\/\/encuentroinformativo.com.mx\/wp-content\/uploads\/2022\/04\/BF759DF6-A0CB-4976-8552-493E62C885AA-300x200.jpeg 300w, https:\/\/encuentroinformativo.com.mx\/wp-content\/uploads\/2022\/04\/BF759DF6-A0CB-4976-8552-493E62C885AA-768x512.jpeg 768w, https:\/\/encuentroinformativo.com.mx\/wp-content\/uploads\/2022\/04\/BF759DF6-A0CB-4976-8552-493E62C885AA.jpeg 1488w\" sizes=\"auto, (max-width: 1024px) 100vw, 1024px\" \/><\/figure>\n","protected":false},"excerpt":{"rendered":"<p>Xalapa, Ver.- Cientos de feligreses participaron de la Procesi\u00f3n del Silencio este viernes santo, encabezada por el arzobispo, Jorge Carlos Patr\u00f3n Wong, quien acompa\u00f1\u00f3 a la Virgen Mar\u00eda en su dolor y luto tras la muerte en la cruz de su hijo Jes\u00fas. Tras salir de la parroquia Emperatriz de Am\u00e9rica recorrieron las calles Clavijero, [&hellip;]<\/p>\n","protected":false},"author":1,"featured_media":26022,"comment_status":"open","ping_status":"open","sticky":false,"template":"","format":"standard","meta":{"_jetpack_memberships_contains_paid_content":false,"footnotes":""},"categories":[3],"tags":[],"class_list":["post-26021","post","type-post","status-publish","format-standard","has-post-thumbnail","hentry","category-xalapa"],"jetpack_featured_media_url":"https:\/\/encuentroinformativo.com.mx\/wp-content\/uploads\/2022\/04\/EB6FFE35-FCAB-42FB-B0E7-A9124A1091D2.jpeg","jetpack_sharing_enabled":true,"jetpack_likes_enabled":true,"amp_enabled":true,"_links":{"self":[{"href":"https:\/\/encuentroinformativo.com.mx\/index.php?rest_route=\/wp\/v2\/posts\/26021","targetHints":{"allow":["GET"]}}],"collection":[{"href":"https:\/\/encuentroinformativo.com.mx\/index.php?rest_route=\/wp\/v2\/posts"}],"about":[{"href":"https:\/\/encuentroinformativo.com.mx\/index.php?rest_route=\/wp\/v2\/types\/post"}],"author":[{"embeddable":true,"href":"https:\/\/encuentroinformativo.com.mx\/index.php?rest_route=\/wp\/v2\/users\/1"}],"replies":[{"embeddable":true,"href":"https:\/\/encuentroinformativo.com.mx\/index.php?rest_route=%2Fwp%2Fv2%2Fcomments&post=26021"}],"version-history":[{"count":1,"href":"https:\/\/encuentroinformativo.com.mx\/index.php?rest_route=\/wp\/v2\/posts\/26021\/revisions"}],"predecessor-version":[{"id":26026,"href":"https:\/\/encuentroinformativo.com.mx\/index.php?rest_route=\/wp\/v2\/posts\/26021\/revisions\/26026"}],"wp:featuredmedia":[{"embeddable":true,"href":"https:\/\/encuentroinformativo.com.mx\/index.php?rest_route=\/wp\/v2\/media\/26022"}],"wp:attachment":[{"href":"https:\/\/encuentroinformativo.com.mx\/index.php?rest_route=%2Fwp%2Fv2%2Fmedia&parent=26021"}],"wp:term":[{"taxonomy":"category","embeddable":true,"href":"https:\/\/encuentroinformativo.com.mx\/index.php?rest_route=%2Fwp%2Fv2%2Fcategories&post=26021"},{"taxonomy":"post_tag","embeddable":true,"href":"https:\/\/encuentroinformativo.com.mx\/index.php?rest_route=%2Fwp%2Fv2%2Ftags&post=26021"}],"curies":[{"name":"wp","href":"https:\/\/api.w.org\/{rel}","templated":true}]}}