{"id":26027,"date":"2022-04-16T12:23:37","date_gmt":"2022-04-16T17:23:37","guid":{"rendered":"https:\/\/encuentroinformativo.com.mx\/?p=26027"},"modified":"2022-04-16T12:23:41","modified_gmt":"2022-04-16T17:23:41","slug":"con-marchas-reclaman-colectivos-avance-de-investigaciones","status":"publish","type":"post","link":"https:\/\/encuentroinformativo.com.mx\/?p=26027","title":{"rendered":"Con marchas, reclaman Colectivos avance de investigaciones"},"content":{"rendered":"\n<p><strong>Dar\u00edo Pale <\/strong><\/p>\n\n\n\n<p>Xalapa, Ver.- El se\u00f1or Carlos Salda\u00f1a Grajales representante del colectivo &#8220;Familiares Enlaces Xalapa&#8221;, dio a conocer que cada mes saldr\u00e1n a las calles a manifestarse desde el mismo punto hacia el centro para exigir avances en las investigaciones de sus seres queridos.<\/p>\n\n\n\n<p>Entrevistado durante la marcha dio a conocer que es la segunda vez que realizan esta caminata y marcha a la plaza Lerdo, partiendo del pante\u00f3n &#8220;Palo Verde&#8221; de 20 de noviembre.<\/p>\n\n\n\n<p>Los integrantes del colectivo marcharon y se manifestaron para exigir avances en las investigaciones de sus seres queridos reportados como desaparecidos, y esto lo realizar\u00e1n cada mes.<\/p>\n\n\n\n<p>El se\u00f1or Carlos Salda\u00f1a busca a su hija e hijo desaparecidos en Xalapa, indic\u00f3 que la Fiscal\u00eda General del Estado (FGE) Veronica Hern\u00e1ndez Giadans debe tener mayor atenci\u00f3n a los casos y se atiendan cada una de las carpetas de investigaci\u00f3n.<\/p>\n\n\n\n<p>Este s\u00e1bado 16 de abril, correspondi\u00f3 alzar la voz por Hugo Murrieta S\u00e1nchez, desaparecido desde el 16 de abril de 2013 en Coatepec, municipio conurbado con la ciudad de Xalapa.<\/p>\n\n\n\n<p>Se\u00f1al\u00f3 que ye se est\u00e1 cayendo en la misma Corrupci\u00f3n que en las administraciones pasadas que es el ocultamiento de la realidad que viven los familiares de los desaparecidos, ya que hubo mucha complicidad de los gobiernos con la delincuencia organizada.<\/p>\n\n\n\n<p>&#8220;Desafortunadamente se ve como si fuera un compromiso de anta\u00f1o, que cada funcionario que llega, llega por el dedazo y de esa manera tiene que cubrir a las autoridades anteriores y desgraciadamente seguimos igual&#8221;, se\u00f1al\u00f3.<\/p>\n\n\n\n<p>Finalmente cabe se\u00f1alar que durante la marcha cada uno de los manifestantes portaban playeras con la fotograf\u00eda de Hugo y las consignas para que siga siendo buscado por la FGE.<\/p>\n\n\n\n<figure class=\"wp-block-image size-large\"><img loading=\"lazy\" decoding=\"async\" width=\"1024\" height=\"576\" src=\"https:\/\/encuentroinformativo.com.mx\/wp-content\/uploads\/2022\/04\/96619B31-6711-4474-9A5D-8C322EFB9F7D-1024x576.jpeg\" alt=\"\" class=\"wp-image-26029\" srcset=\"https:\/\/encuentroinformativo.com.mx\/wp-content\/uploads\/2022\/04\/96619B31-6711-4474-9A5D-8C322EFB9F7D-1024x576.jpeg 1024w, https:\/\/encuentroinformativo.com.mx\/wp-content\/uploads\/2022\/04\/96619B31-6711-4474-9A5D-8C322EFB9F7D-300x169.jpeg 300w, https:\/\/encuentroinformativo.com.mx\/wp-content\/uploads\/2022\/04\/96619B31-6711-4474-9A5D-8C322EFB9F7D-768x432.jpeg 768w, https:\/\/encuentroinformativo.com.mx\/wp-content\/uploads\/2022\/04\/96619B31-6711-4474-9A5D-8C322EFB9F7D.jpeg 1280w\" sizes=\"auto, (max-width: 1024px) 100vw, 1024px\" \/><\/figure>\n","protected":false},"excerpt":{"rendered":"<p>Dar\u00edo Pale Xalapa, Ver.- El se\u00f1or Carlos Salda\u00f1a Grajales representante del colectivo &#8220;Familiares Enlaces Xalapa&#8221;, dio a conocer que cada mes saldr\u00e1n a las calles a manifestarse desde el mismo punto hacia el centro para exigir avances en las investigaciones de sus seres queridos. Entrevistado durante la marcha dio a conocer que es la segunda [&hellip;]<\/p>\n","protected":false},"author":1,"featured_media":26028,"comment_status":"open","ping_status":"open","sticky":false,"template":"","format":"standard","meta":{"_jetpack_memberships_contains_paid_content":false,"footnotes":""},"categories":[3],"tags":[],"class_list":["post-26027","post","type-post","status-publish","format-standard","has-post-thumbnail","hentry","category-xalapa"],"jetpack_featured_media_url":"https:\/\/encuentroinformativo.com.mx\/wp-content\/uploads\/2022\/04\/4F318108-D62F-49E3-8B3D-E4CD82E39619.jpeg","jetpack_sharing_enabled":true,"jetpack_likes_enabled":true,"amp_enabled":true,"_links":{"self":[{"href":"https:\/\/encuentroinformativo.com.mx\/index.php?rest_route=\/wp\/v2\/posts\/26027","targetHints":{"allow":["GET"]}}],"collection":[{"href":"https:\/\/encuentroinformativo.com.mx\/index.php?rest_route=\/wp\/v2\/posts"}],"about":[{"href":"https:\/\/encuentroinformativo.com.mx\/index.php?rest_route=\/wp\/v2\/types\/post"}],"author":[{"embeddable":true,"href":"https:\/\/encuentroinformativo.com.mx\/index.php?rest_route=\/wp\/v2\/users\/1"}],"replies":[{"embeddable":true,"href":"https:\/\/encuentroinformativo.com.mx\/index.php?rest_route=%2Fwp%2Fv2%2Fcomments&post=26027"}],"version-history":[{"count":1,"href":"https:\/\/encuentroinformativo.com.mx\/index.php?rest_route=\/wp\/v2\/posts\/26027\/revisions"}],"predecessor-version":[{"id":26030,"href":"https:\/\/encuentroinformativo.com.mx\/index.php?rest_route=\/wp\/v2\/posts\/26027\/revisions\/26030"}],"wp:featuredmedia":[{"embeddable":true,"href":"https:\/\/encuentroinformativo.com.mx\/index.php?rest_route=\/wp\/v2\/media\/26028"}],"wp:attachment":[{"href":"https:\/\/encuentroinformativo.com.mx\/index.php?rest_route=%2Fwp%2Fv2%2Fmedia&parent=26027"}],"wp:term":[{"taxonomy":"category","embeddable":true,"href":"https:\/\/encuentroinformativo.com.mx\/index.php?rest_route=%2Fwp%2Fv2%2Fcategories&post=26027"},{"taxonomy":"post_tag","embeddable":true,"href":"https:\/\/encuentroinformativo.com.mx\/index.php?rest_route=%2Fwp%2Fv2%2Ftags&post=26027"}],"curies":[{"name":"wp","href":"https:\/\/api.w.org\/{rel}","templated":true}]}}