{"id":2604,"date":"2020-05-17T12:09:42","date_gmt":"2020-05-17T17:09:42","guid":{"rendered":"https:\/\/encuentroinformativo.com\/?p=2604"},"modified":"2020-05-17T12:09:45","modified_gmt":"2020-05-17T17:09:45","slug":"aumenta-numero-de-familias-en-pobreza-a-causa-del-covid-19","status":"publish","type":"post","link":"https:\/\/encuentroinformativo.com.mx\/?p=2604","title":{"rendered":"Aumenta n\u00famero de familias en pobreza a causa del Covid-19"},"content":{"rendered":"\n<p><strong>Juan Arcos <\/strong><\/p>\n\n\n\n<p>Xalapa, Ver.- Un mayor n\u00famero de veracruzanos pas\u00f3 a situaci\u00f3n de pobreza y pobreza extrema por la pandemia del COVID-19.<\/p>\n\n\n\n<p>El economista de la Universidad Veracruzana (UV), Rafael Arias Hern\u00e1ndez, se\u00f1al\u00f3 que dicha situaci\u00f3n es notoria por la falta de planes y programas gubernamentales para hacer frente a las consecuencias econ\u00f3micas, derivadas de la emergencia sanitaria.<\/p>\n\n\n\n<p>El acad\u00e9mico estim\u00f3 que la cifra de desempleados ser\u00e1 \u201cimpresionante\u201d por la importancia de la econom\u00eda veracruzana a nivel nacional.<\/p>\n\n\n\n<p>\u201cLa econom\u00eda veracruzana est\u00e1 entre las cinco o seis (entidades) que aportan casi la mitad del Producto Interno Bruto (PIB) del pa\u00eds\u201d.<\/p>\n\n\n\n<p>A su juicio, el gobierno de Veracruz carece de informaci\u00f3n actualizada sobre el desempleo ocasionado por la actual crisis de salud.<\/p>\n\n\n\n<p>\u201cEl estado de Veracruz tra\u00eda una serie de situaciones en la cual se reportaba p\u00e9rdida de empleos, \u00bfcu\u00e1l es esa situaci\u00f3n actual?, independientemente de que yo lo podr\u00eda hacer y lo podr\u00eda presentar, a los que se les paga por tener informaci\u00f3n disponible\u201d.<\/p>\n\n\n\n<p>Record\u00f3 que Xalapa ha ocupado el primer lugar estatal con m\u00e1s de 160 mil personas en situaci\u00f3n de pobreza.<\/p>\n\n\n\n<p>Adem\u00e1s, detall\u00f3 que, hasta el a\u00f1o pasado, hab\u00eda m\u00e1s de 3 millones de pobres en la entidad veracruzana.<\/p>\n\n\n\n<p>No obstante, con base en la opini\u00f3n del investigador, la cifra continuar\u00e1 elev\u00e1ndose por la pandemia.<\/p>\n\n\n\n<p><\/p>\n","protected":false},"excerpt":{"rendered":"<p>Juan Arcos Xalapa, Ver.- Un mayor n\u00famero de veracruzanos pas\u00f3 a situaci\u00f3n de pobreza y pobreza extrema por la pandemia del COVID-19. El economista de la Universidad Veracruzana (UV), Rafael Arias Hern\u00e1ndez, se\u00f1al\u00f3 que dicha situaci\u00f3n es notoria por la falta de planes y programas gubernamentales para hacer frente a las consecuencias econ\u00f3micas, derivadas de [&hellip;]<\/p>\n","protected":false},"author":1,"featured_media":2168,"comment_status":"open","ping_status":"open","sticky":false,"template":"","format":"standard","meta":{"_jetpack_memberships_contains_paid_content":false,"footnotes":""},"categories":[3],"tags":[],"class_list":["post-2604","post","type-post","status-publish","format-standard","has-post-thumbnail","hentry","category-xalapa"],"jetpack_featured_media_url":"https:\/\/encuentroinformativo.com.mx\/wp-content\/uploads\/2020\/04\/2484FDC8-981E-41E1-BF8A-E7C0146D7073.jpeg","jetpack_sharing_enabled":true,"jetpack_likes_enabled":true,"amp_enabled":true,"_links":{"self":[{"href":"https:\/\/encuentroinformativo.com.mx\/index.php?rest_route=\/wp\/v2\/posts\/2604","targetHints":{"allow":["GET"]}}],"collection":[{"href":"https:\/\/encuentroinformativo.com.mx\/index.php?rest_route=\/wp\/v2\/posts"}],"about":[{"href":"https:\/\/encuentroinformativo.com.mx\/index.php?rest_route=\/wp\/v2\/types\/post"}],"author":[{"embeddable":true,"href":"https:\/\/encuentroinformativo.com.mx\/index.php?rest_route=\/wp\/v2\/users\/1"}],"replies":[{"embeddable":true,"href":"https:\/\/encuentroinformativo.com.mx\/index.php?rest_route=%2Fwp%2Fv2%2Fcomments&post=2604"}],"version-history":[{"count":1,"href":"https:\/\/encuentroinformativo.com.mx\/index.php?rest_route=\/wp\/v2\/posts\/2604\/revisions"}],"predecessor-version":[{"id":2605,"href":"https:\/\/encuentroinformativo.com.mx\/index.php?rest_route=\/wp\/v2\/posts\/2604\/revisions\/2605"}],"wp:featuredmedia":[{"embeddable":true,"href":"https:\/\/encuentroinformativo.com.mx\/index.php?rest_route=\/wp\/v2\/media\/2168"}],"wp:attachment":[{"href":"https:\/\/encuentroinformativo.com.mx\/index.php?rest_route=%2Fwp%2Fv2%2Fmedia&parent=2604"}],"wp:term":[{"taxonomy":"category","embeddable":true,"href":"https:\/\/encuentroinformativo.com.mx\/index.php?rest_route=%2Fwp%2Fv2%2Fcategories&post=2604"},{"taxonomy":"post_tag","embeddable":true,"href":"https:\/\/encuentroinformativo.com.mx\/index.php?rest_route=%2Fwp%2Fv2%2Ftags&post=2604"}],"curies":[{"name":"wp","href":"https:\/\/api.w.org\/{rel}","templated":true}]}}