{"id":26056,"date":"2022-04-17T14:15:47","date_gmt":"2022-04-17T19:15:47","guid":{"rendered":"https:\/\/encuentroinformativo.com.mx\/?p=26056"},"modified":"2022-04-17T14:15:51","modified_gmt":"2022-04-17T19:15:51","slug":"recuerdan-a-presos-politicos","status":"publish","type":"post","link":"https:\/\/encuentroinformativo.com.mx\/?p=26056","title":{"rendered":"Recuerdan a presos pol\u00edticos"},"content":{"rendered":"\n<p><strong>Juan Arcos <\/strong><\/p>\n\n\n\n<p>Xalapa, Ver.- Integrantes del Frente Nacional de la Lucha por el Socialismo (FNLS) protestaron este domingo frente a Palacio de Gobierno para exigir la liberaci\u00f3n de su compa\u00f1ero Higinio Bustos Navarro, detenido desde el 4 de mayo de 2020.<\/p>\n\n\n\n<p>El activista fue arrestado en el municipio de Chicontepec, al norte de Veracruz, acusado del presunto asesinato de un militar hace m\u00e1s de diez a\u00f1os, y permanece recluido en el penal de Tantoyuca.<\/p>\n\n\n\n<p>Los miembros del FNLS se plantaron en Plaza Sebasti\u00e1n Lerdo de Tejada, durante el D\u00eda Internacional del Preso Pol\u00edtico, que se conmemora cada 17 de abril.<\/p>\n\n\n\n<p>De acuerdo con Carlos, colaborador de la organizaci\u00f3n Lucha por la Emancipaci\u00f3n Popular, el pueblo trabajador no puede renunciar al derecho a la libertad, verdad, justicia, presentaci\u00f3n y a la protesta.<\/p>\n\n\n\n<p>\u201cEs contra la naturaleza humana olvidar los cientos de miles de casos de violaciones a los derechos humanos, es inadmisible pasar desapercibido la cifra onerosa de casos de desaparici\u00f3n forzada, ejecuci\u00f3n extrajudicial y m\u00faltiples flagelos que desangran a los hijos de hogares proletarios\u201d, se\u00f1al\u00f3.<\/p>\n\n\n\n<p>A\u00f1adi\u00f3 que los cr\u00edmenes de lesa humanidad son imprescriptibles y que laexigencia de presentaci\u00f3n con vida de los detenidos desaparecidos es una demanda que rebasa los l\u00edmites sexenales.<\/p>\n\n\n\n<p>\u201cLa verdad es ocultada detr\u00e1s de una mara\u00f1a burocr\u00e1tica que procura impunidad a los perpetradores y extiende la zozobra en las familias que ans\u00edan el regreso de sus seres queridos\u201d, enfatiz\u00f3.<\/p>\n\n\n\n<p>Mencionaron que contin\u00faan los intentos por parte del gobierno para evitar que los activistas contin\u00faen alzando la voz en defensa de su territorio.<\/p>\n\n\n\n<p>\u201cLas calles dejaron de ser tribuna de denuncia por el terror psicol\u00f3gico que disemin\u00f3 el Estado mexicano por medio del fen\u00f3meno pand\u00e9mico. Hoy retomamos el espacio que es nuestro para hacernos escuchar ante los o\u00eddos que se niegan a atender nuestras demandas. No es con demagogia y subterfugios leguleyoscomo se resuelven las demandas de verdad, justicia, presentaci\u00f3n y libertad\u201d, remat\u00f3 el activista.<\/p>\n","protected":false},"excerpt":{"rendered":"<p>Juan Arcos Xalapa, Ver.- Integrantes del Frente Nacional de la Lucha por el Socialismo (FNLS) protestaron este domingo frente a Palacio de Gobierno para exigir la liberaci\u00f3n de su compa\u00f1ero Higinio Bustos Navarro, detenido desde el 4 de mayo de 2020. El activista fue arrestado en el municipio de Chicontepec, al norte de Veracruz, acusado [&hellip;]<\/p>\n","protected":false},"author":1,"featured_media":26057,"comment_status":"open","ping_status":"open","sticky":false,"template":"","format":"standard","meta":{"_jetpack_memberships_contains_paid_content":false,"footnotes":""},"categories":[3],"tags":[],"class_list":["post-26056","post","type-post","status-publish","format-standard","has-post-thumbnail","hentry","category-xalapa"],"jetpack_featured_media_url":"https:\/\/encuentroinformativo.com.mx\/wp-content\/uploads\/2022\/04\/AC0DFF16-E66E-4EFC-8505-9A179D8A25ED.jpeg","jetpack_sharing_enabled":true,"jetpack_likes_enabled":true,"amp_enabled":true,"_links":{"self":[{"href":"https:\/\/encuentroinformativo.com.mx\/index.php?rest_route=\/wp\/v2\/posts\/26056","targetHints":{"allow":["GET"]}}],"collection":[{"href":"https:\/\/encuentroinformativo.com.mx\/index.php?rest_route=\/wp\/v2\/posts"}],"about":[{"href":"https:\/\/encuentroinformativo.com.mx\/index.php?rest_route=\/wp\/v2\/types\/post"}],"author":[{"embeddable":true,"href":"https:\/\/encuentroinformativo.com.mx\/index.php?rest_route=\/wp\/v2\/users\/1"}],"replies":[{"embeddable":true,"href":"https:\/\/encuentroinformativo.com.mx\/index.php?rest_route=%2Fwp%2Fv2%2Fcomments&post=26056"}],"version-history":[{"count":1,"href":"https:\/\/encuentroinformativo.com.mx\/index.php?rest_route=\/wp\/v2\/posts\/26056\/revisions"}],"predecessor-version":[{"id":26058,"href":"https:\/\/encuentroinformativo.com.mx\/index.php?rest_route=\/wp\/v2\/posts\/26056\/revisions\/26058"}],"wp:featuredmedia":[{"embeddable":true,"href":"https:\/\/encuentroinformativo.com.mx\/index.php?rest_route=\/wp\/v2\/media\/26057"}],"wp:attachment":[{"href":"https:\/\/encuentroinformativo.com.mx\/index.php?rest_route=%2Fwp%2Fv2%2Fmedia&parent=26056"}],"wp:term":[{"taxonomy":"category","embeddable":true,"href":"https:\/\/encuentroinformativo.com.mx\/index.php?rest_route=%2Fwp%2Fv2%2Fcategories&post=26056"},{"taxonomy":"post_tag","embeddable":true,"href":"https:\/\/encuentroinformativo.com.mx\/index.php?rest_route=%2Fwp%2Fv2%2Ftags&post=26056"}],"curies":[{"name":"wp","href":"https:\/\/api.w.org\/{rel}","templated":true}]}}