{"id":26059,"date":"2022-04-17T15:54:32","date_gmt":"2022-04-17T20:54:32","guid":{"rendered":"https:\/\/encuentroinformativo.com.mx\/?p=26059"},"modified":"2022-04-17T15:54:35","modified_gmt":"2022-04-17T20:54:35","slug":"evacuan-torre-pediatrica-por-conato-incendio","status":"publish","type":"post","link":"https:\/\/encuentroinformativo.com.mx\/?p=26059","title":{"rendered":"Evac\u00faan Torre Pedi\u00e1trica por conato incendio"},"content":{"rendered":"\n<p><strong>Alejandro \u00c1vila<\/strong><\/p>\n\n\n\n<p>Veracruz, Ver.- Un conato de incendio en la Torre Pedi\u00e1trica de Veracruz provoc\u00f3 la evacuaci\u00f3n de pacientes, familiares y personal m\u00e9dico, pasadas las 13 horas de este domingo.<\/p>\n\n\n\n<p>Los primeros reportes indican qu\u00e9, un cableado en mal estado dentro del sanitario del cuarto piso, provoc\u00f3 el cortocircuito y conato de incendio y el encendido de las alarmas, por lo cual se procedi\u00f3 los protocolos de evacuaci\u00f3n.<\/p>\n\n\n\n<p>Alrededor de 40 personas que se encontraban al interior del nosocomio fueron evacuadas y colocadas en la avenida 20 de Noviembre, misma que registr\u00f3 un cierre parcial de circulaci\u00f3n para evitar accidentes.<\/p>\n\n\n\n<p>El incendio fue atendido en primera instancia por el personal de Protecci\u00f3n Civil del Hospital y posteriormente recibieron el apoyo del Heroico Cuerpo de Bomberos del municipio de Veracruz y elementos de Protecci\u00f3n Civil Municipal; adem\u00e1s, acudieron param\u00e9dicos de la Cruz Roja y elementos de la Secretar\u00eda Seguridad P\u00fablica para brindar apoyos en las maniobras.<\/p>\n\n\n\n<p>El reporte parcial indica que, no hubo personas lesionadas y afectaciones mayores en el inmueble; sin embargo, se continuar\u00e1n con las supervisiones por parte de la Secretar\u00eda Protecci\u00f3n Civil Estatal.<\/p>\n\n\n\n<figure class=\"wp-block-image size-large\"><img loading=\"lazy\" decoding=\"async\" width=\"1024\" height=\"576\" src=\"https:\/\/encuentroinformativo.com.mx\/wp-content\/uploads\/2022\/04\/C8FAB947-B094-4372-8C43-984A79EA2A34-1024x576.jpeg\" alt=\"\" class=\"wp-image-26061\" srcset=\"https:\/\/encuentroinformativo.com.mx\/wp-content\/uploads\/2022\/04\/C8FAB947-B094-4372-8C43-984A79EA2A34-1024x576.jpeg 1024w, https:\/\/encuentroinformativo.com.mx\/wp-content\/uploads\/2022\/04\/C8FAB947-B094-4372-8C43-984A79EA2A34-300x169.jpeg 300w, https:\/\/encuentroinformativo.com.mx\/wp-content\/uploads\/2022\/04\/C8FAB947-B094-4372-8C43-984A79EA2A34-768x432.jpeg 768w, https:\/\/encuentroinformativo.com.mx\/wp-content\/uploads\/2022\/04\/C8FAB947-B094-4372-8C43-984A79EA2A34.jpeg 1280w\" sizes=\"auto, (max-width: 1024px) 100vw, 1024px\" \/><\/figure>\n","protected":false},"excerpt":{"rendered":"<p>Alejandro \u00c1vila Veracruz, Ver.- Un conato de incendio en la Torre Pedi\u00e1trica de Veracruz provoc\u00f3 la evacuaci\u00f3n de pacientes, familiares y personal m\u00e9dico, pasadas las 13 horas de este domingo. Los primeros reportes indican qu\u00e9, un cableado en mal estado dentro del sanitario del cuarto piso, provoc\u00f3 el cortocircuito y conato de incendio y el [&hellip;]<\/p>\n","protected":false},"author":1,"featured_media":26060,"comment_status":"open","ping_status":"open","sticky":false,"template":"","format":"standard","meta":{"_jetpack_memberships_contains_paid_content":false,"footnotes":""},"categories":[2],"tags":[],"class_list":["post-26059","post","type-post","status-publish","format-standard","has-post-thumbnail","hentry","category-estado"],"jetpack_featured_media_url":"https:\/\/encuentroinformativo.com.mx\/wp-content\/uploads\/2022\/04\/05AD99C1-1C2A-464D-A111-83176CEBEAA0.jpeg","jetpack_sharing_enabled":true,"jetpack_likes_enabled":true,"amp_enabled":true,"_links":{"self":[{"href":"https:\/\/encuentroinformativo.com.mx\/index.php?rest_route=\/wp\/v2\/posts\/26059","targetHints":{"allow":["GET"]}}],"collection":[{"href":"https:\/\/encuentroinformativo.com.mx\/index.php?rest_route=\/wp\/v2\/posts"}],"about":[{"href":"https:\/\/encuentroinformativo.com.mx\/index.php?rest_route=\/wp\/v2\/types\/post"}],"author":[{"embeddable":true,"href":"https:\/\/encuentroinformativo.com.mx\/index.php?rest_route=\/wp\/v2\/users\/1"}],"replies":[{"embeddable":true,"href":"https:\/\/encuentroinformativo.com.mx\/index.php?rest_route=%2Fwp%2Fv2%2Fcomments&post=26059"}],"version-history":[{"count":1,"href":"https:\/\/encuentroinformativo.com.mx\/index.php?rest_route=\/wp\/v2\/posts\/26059\/revisions"}],"predecessor-version":[{"id":26062,"href":"https:\/\/encuentroinformativo.com.mx\/index.php?rest_route=\/wp\/v2\/posts\/26059\/revisions\/26062"}],"wp:featuredmedia":[{"embeddable":true,"href":"https:\/\/encuentroinformativo.com.mx\/index.php?rest_route=\/wp\/v2\/media\/26060"}],"wp:attachment":[{"href":"https:\/\/encuentroinformativo.com.mx\/index.php?rest_route=%2Fwp%2Fv2%2Fmedia&parent=26059"}],"wp:term":[{"taxonomy":"category","embeddable":true,"href":"https:\/\/encuentroinformativo.com.mx\/index.php?rest_route=%2Fwp%2Fv2%2Fcategories&post=26059"},{"taxonomy":"post_tag","embeddable":true,"href":"https:\/\/encuentroinformativo.com.mx\/index.php?rest_route=%2Fwp%2Fv2%2Ftags&post=26059"}],"curies":[{"name":"wp","href":"https:\/\/api.w.org\/{rel}","templated":true}]}}