{"id":26063,"date":"2022-04-17T20:58:27","date_gmt":"2022-04-18T01:58:27","guid":{"rendered":"https:\/\/encuentroinformativo.com.mx\/?p=26063"},"modified":"2022-04-17T20:58:31","modified_gmt":"2022-04-18T01:58:31","slug":"se-registro-mortal-accidente-en-la-mexico-tuxpan-a-la-altura-de-naranjos","status":"publish","type":"post","link":"https:\/\/encuentroinformativo.com.mx\/?p=26063","title":{"rendered":"Se registr\u00f3 mortal accidente en la M\u00e9xico &#8211; Tuxpan a la altura de Naranjos"},"content":{"rendered":"\n<p><strong>Alejandro \u00c1vila<\/strong><\/p>\n\n\n\n<p>Naranjos, Ver.- La tarde este domingo se registr\u00f3 un mortal accidente en la carretera M\u00e9xico &#8211; Tuxpan a la altura del municipio de Naranjos.<\/p>\n\n\n\n<p>Elevados da\u00f1os materiales dej\u00f3 el impacto entre dos camionetas en el kil\u00f3metro 40, a la altura de la localidad El Moralillo, perteneciente al municipio antes mencionado.<\/p>\n\n\n\n<p>La Guardia Nacional divisi\u00f3n Carreteras fueron los primeros en dar atenci\u00f3n al siniestro qu\u00e9 se suscit\u00f3 entre una camioneta marca Ford tipo Explorer color gris, y otra marca Volkswagen tipo T- Cross color negro.<\/p>\n\n\n\n<p>El veh\u00edculo Ford, con placas de circulaci\u00f3n A29FPS5 el Estado de Tamaulipas, era conducido por Filem\u00f3n &#8220;N&#8221;; mientras que la camioneta Volkswagen, con placas de circulaci\u00f3n NXY8847 del Estado de M\u00e9xico, era conducido por \u00d3scar Alejandro \u00c1ngeles Acu\u00f1a, qui\u00e9n perdi\u00f3 la vida tras el impacto.<\/p>\n\n\n\n<p>Seg\u00fan los reportes, uno de los conductores invadi\u00f3 el carril del otro y provoc\u00f3 el impacto, dejando severos da\u00f1os materiales en ambas unidades y la p\u00e9rdida de la vida de una persona; mientras que los cuerpos de emergencia el municipio de Naranjos trasladaron al lesionado al hospital de la ciudad.<\/p>\n\n\n\n<p>La Polic\u00eda Ministerial realiz\u00f3 la indagatoria correspondiente y el levantamiento del cuerpo que fue trasladado al Servicio M\u00e9dico Forense (SEMEFO).<\/p>\n","protected":false},"excerpt":{"rendered":"<p>Alejandro \u00c1vila Naranjos, Ver.- La tarde este domingo se registr\u00f3 un mortal accidente en la carretera M\u00e9xico &#8211; Tuxpan a la altura del municipio de Naranjos. Elevados da\u00f1os materiales dej\u00f3 el impacto entre dos camionetas en el kil\u00f3metro 40, a la altura de la localidad El Moralillo, perteneciente al municipio antes mencionado. La Guardia Nacional [&hellip;]<\/p>\n","protected":false},"author":1,"featured_media":26064,"comment_status":"open","ping_status":"open","sticky":false,"template":"","format":"standard","meta":{"_jetpack_memberships_contains_paid_content":false,"footnotes":""},"categories":[2],"tags":[],"class_list":["post-26063","post","type-post","status-publish","format-standard","has-post-thumbnail","hentry","category-estado"],"jetpack_featured_media_url":"https:\/\/encuentroinformativo.com.mx\/wp-content\/uploads\/2022\/04\/B2E2EB7F-E364-46E1-83A5-30AEEBF80DAD.jpeg","jetpack_sharing_enabled":true,"jetpack_likes_enabled":true,"amp_enabled":true,"_links":{"self":[{"href":"https:\/\/encuentroinformativo.com.mx\/index.php?rest_route=\/wp\/v2\/posts\/26063","targetHints":{"allow":["GET"]}}],"collection":[{"href":"https:\/\/encuentroinformativo.com.mx\/index.php?rest_route=\/wp\/v2\/posts"}],"about":[{"href":"https:\/\/encuentroinformativo.com.mx\/index.php?rest_route=\/wp\/v2\/types\/post"}],"author":[{"embeddable":true,"href":"https:\/\/encuentroinformativo.com.mx\/index.php?rest_route=\/wp\/v2\/users\/1"}],"replies":[{"embeddable":true,"href":"https:\/\/encuentroinformativo.com.mx\/index.php?rest_route=%2Fwp%2Fv2%2Fcomments&post=26063"}],"version-history":[{"count":1,"href":"https:\/\/encuentroinformativo.com.mx\/index.php?rest_route=\/wp\/v2\/posts\/26063\/revisions"}],"predecessor-version":[{"id":26065,"href":"https:\/\/encuentroinformativo.com.mx\/index.php?rest_route=\/wp\/v2\/posts\/26063\/revisions\/26065"}],"wp:featuredmedia":[{"embeddable":true,"href":"https:\/\/encuentroinformativo.com.mx\/index.php?rest_route=\/wp\/v2\/media\/26064"}],"wp:attachment":[{"href":"https:\/\/encuentroinformativo.com.mx\/index.php?rest_route=%2Fwp%2Fv2%2Fmedia&parent=26063"}],"wp:term":[{"taxonomy":"category","embeddable":true,"href":"https:\/\/encuentroinformativo.com.mx\/index.php?rest_route=%2Fwp%2Fv2%2Fcategories&post=26063"},{"taxonomy":"post_tag","embeddable":true,"href":"https:\/\/encuentroinformativo.com.mx\/index.php?rest_route=%2Fwp%2Fv2%2Ftags&post=26063"}],"curies":[{"name":"wp","href":"https:\/\/api.w.org\/{rel}","templated":true}]}}