{"id":26076,"date":"2022-04-18T09:23:38","date_gmt":"2022-04-18T14:23:38","guid":{"rendered":"https:\/\/encuentroinformativo.com.mx\/?p=26076"},"modified":"2022-04-18T12:34:44","modified_gmt":"2022-04-18T17:34:44","slug":"inician-incorporacion-para-pensiones-de-bienestar","status":"publish","type":"post","link":"https:\/\/encuentroinformativo.com.mx\/?p=26076","title":{"rendered":"Inician incorporaci\u00f3n para pensiones de Bienestar"},"content":{"rendered":"\n<p><strong>Dar\u00edo Pale <\/strong><\/p>\n\n\n\n<p>Xalapa, Ver.- Este lunes 18 de marzo inicia la incorporaci\u00f3n a pensi\u00f3n de 65 a\u00f1os hasta el d\u00eda 30 de este mes, as\u00ed lo inform\u00f3 el delegado de los programas de Bienestar en Veracruz Manuel Huerta Ladr\u00f3n de Guevara.<\/p>\n\n\n\n<p>En entrevista coment\u00f3 que, se podr\u00e1n registrar todos los nacidos en el mes de enero y hasta abril que van a cumplir 65 a\u00f1os.<\/p>\n\n\n\n<p>&#8220;El objetivo es que todos los mayores de 65 a\u00f1os se est\u00e9n inscribiendo, ya permanentemente a partir del 18 y al 30 de este mes porque despu\u00e9s de esas tareas paramos porque tenemos que hacer flujos o cadenas de pago&#8221;, se\u00f1al\u00f3.<\/p>\n\n\n\n<p>Expuso que los pagos se comenzar\u00e1n a partir del mes de julio tanto para adultos mayores como para personas con discapacidad.<\/p>\n\n\n\n<p>Por otra parte, inform\u00f3 que a partir de este lunes se abre la vacunaci\u00f3n contra el Covid-19 en todos los centros de salud del Estado.<\/p>\n\n\n\n<p>A partir de este 18 y hasta el 29 de abril dar\u00e1n el servicio 191 centros de salud tales como Acajete, Teocelo, Monte Blanco, entre muchos otros que est\u00e1n en las comunidades, pero tambi\u00e9n todos los centros de salud de Xalapa y de las ciudades.<\/p>\n\n\n\n<p>Finalmente dio a conocer que a partir de ma\u00f1ana martes se abrir\u00e1n otros 183, pero de manera parcial, mismos que informar\u00e1n a trav\u00e9s de redes sociales.<\/p>\n\n\n\n<figure class=\"wp-block-image size-large\"><img loading=\"lazy\" decoding=\"async\" width=\"1024\" height=\"683\" src=\"https:\/\/encuentroinformativo.com.mx\/wp-content\/uploads\/2022\/04\/CA9F3134-3470-4610-8C7E-5F747A06C7A1-1024x683.jpeg\" alt=\"\" class=\"wp-image-26068\" srcset=\"https:\/\/encuentroinformativo.com.mx\/wp-content\/uploads\/2022\/04\/CA9F3134-3470-4610-8C7E-5F747A06C7A1-1024x683.jpeg 1024w, https:\/\/encuentroinformativo.com.mx\/wp-content\/uploads\/2022\/04\/CA9F3134-3470-4610-8C7E-5F747A06C7A1-300x200.jpeg 300w, https:\/\/encuentroinformativo.com.mx\/wp-content\/uploads\/2022\/04\/CA9F3134-3470-4610-8C7E-5F747A06C7A1-768x512.jpeg 768w, https:\/\/encuentroinformativo.com.mx\/wp-content\/uploads\/2022\/04\/CA9F3134-3470-4610-8C7E-5F747A06C7A1.jpeg 1488w\" sizes=\"auto, (max-width: 1024px) 100vw, 1024px\" \/><\/figure>\n\n\n\n<figure class=\"wp-block-image size-large\"><img loading=\"lazy\" decoding=\"async\" width=\"1024\" height=\"683\" src=\"https:\/\/encuentroinformativo.com.mx\/wp-content\/uploads\/2022\/04\/32628326-1D3B-4BAF-A419-E5227AE4C7FC-1024x683.jpeg\" alt=\"\" class=\"wp-image-26077\" srcset=\"https:\/\/encuentroinformativo.com.mx\/wp-content\/uploads\/2022\/04\/32628326-1D3B-4BAF-A419-E5227AE4C7FC-1024x683.jpeg 1024w, https:\/\/encuentroinformativo.com.mx\/wp-content\/uploads\/2022\/04\/32628326-1D3B-4BAF-A419-E5227AE4C7FC-300x200.jpeg 300w, https:\/\/encuentroinformativo.com.mx\/wp-content\/uploads\/2022\/04\/32628326-1D3B-4BAF-A419-E5227AE4C7FC-768x512.jpeg 768w, https:\/\/encuentroinformativo.com.mx\/wp-content\/uploads\/2022\/04\/32628326-1D3B-4BAF-A419-E5227AE4C7FC.jpeg 1488w\" sizes=\"auto, (max-width: 1024px) 100vw, 1024px\" \/><\/figure>\n","protected":false},"excerpt":{"rendered":"<p>Dar\u00edo Pale Xalapa, Ver.- Este lunes 18 de marzo inicia la incorporaci\u00f3n a pensi\u00f3n de 65 a\u00f1os hasta el d\u00eda 30 de este mes, as\u00ed lo inform\u00f3 el delegado de los programas de Bienestar en Veracruz Manuel Huerta Ladr\u00f3n de Guevara. En entrevista coment\u00f3 que, se podr\u00e1n registrar todos los nacidos en el mes de [&hellip;]<\/p>\n","protected":false},"author":1,"featured_media":26067,"comment_status":"open","ping_status":"open","sticky":false,"template":"","format":"standard","meta":{"_jetpack_memberships_contains_paid_content":false,"footnotes":""},"categories":[3],"tags":[],"class_list":["post-26076","post","type-post","status-publish","format-standard","has-post-thumbnail","hentry","category-xalapa"],"jetpack_featured_media_url":"https:\/\/encuentroinformativo.com.mx\/wp-content\/uploads\/2022\/04\/3EE50E4E-4B3E-4B82-88B7-424E9AE4CB54.jpeg","jetpack_sharing_enabled":true,"jetpack_likes_enabled":true,"amp_enabled":true,"_links":{"self":[{"href":"https:\/\/encuentroinformativo.com.mx\/index.php?rest_route=\/wp\/v2\/posts\/26076","targetHints":{"allow":["GET"]}}],"collection":[{"href":"https:\/\/encuentroinformativo.com.mx\/index.php?rest_route=\/wp\/v2\/posts"}],"about":[{"href":"https:\/\/encuentroinformativo.com.mx\/index.php?rest_route=\/wp\/v2\/types\/post"}],"author":[{"embeddable":true,"href":"https:\/\/encuentroinformativo.com.mx\/index.php?rest_route=\/wp\/v2\/users\/1"}],"replies":[{"embeddable":true,"href":"https:\/\/encuentroinformativo.com.mx\/index.php?rest_route=%2Fwp%2Fv2%2Fcomments&post=26076"}],"version-history":[{"count":2,"href":"https:\/\/encuentroinformativo.com.mx\/index.php?rest_route=\/wp\/v2\/posts\/26076\/revisions"}],"predecessor-version":[{"id":26086,"href":"https:\/\/encuentroinformativo.com.mx\/index.php?rest_route=\/wp\/v2\/posts\/26076\/revisions\/26086"}],"wp:featuredmedia":[{"embeddable":true,"href":"https:\/\/encuentroinformativo.com.mx\/index.php?rest_route=\/wp\/v2\/media\/26067"}],"wp:attachment":[{"href":"https:\/\/encuentroinformativo.com.mx\/index.php?rest_route=%2Fwp%2Fv2%2Fmedia&parent=26076"}],"wp:term":[{"taxonomy":"category","embeddable":true,"href":"https:\/\/encuentroinformativo.com.mx\/index.php?rest_route=%2Fwp%2Fv2%2Fcategories&post=26076"},{"taxonomy":"post_tag","embeddable":true,"href":"https:\/\/encuentroinformativo.com.mx\/index.php?rest_route=%2Fwp%2Fv2%2Ftags&post=26076"}],"curies":[{"name":"wp","href":"https:\/\/api.w.org\/{rel}","templated":true}]}}