{"id":26079,"date":"2022-04-18T11:29:00","date_gmt":"2022-04-18T16:29:00","guid":{"rendered":"https:\/\/encuentroinformativo.com.mx\/?p=26079"},"modified":"2022-04-18T11:29:03","modified_gmt":"2022-04-18T16:29:03","slug":"continuara-defensa-de-predio-jinicuil-advierten-pobladores","status":"publish","type":"post","link":"https:\/\/encuentroinformativo.com.mx\/?p=26079","title":{"rendered":"Continuar\u00e1 defensa de predio Jinicuil, advierten pobladores"},"content":{"rendered":"\n<p><strong>Juan Arcos<\/strong><\/p>\n\n\n\n<p>Xalapa, Ver.- Integrantes de la Central Independiente de Obreros Agr\u00edcolas y Campesinos (CIOAC) protestaron frente a Palacio de Gobierno para anunciar que defender\u00e1n con la fuerza el predio Jinicuil Manso, mismo que mantienen invadido en la zona boscosa del municipio de Coatepec.<\/p>\n\n\n\n<p>Se trata de una zona de 2 mil hect\u00e1reas, que ellos mismos nombraron \u201cSierra Alta\u201d y donde las personas que cuentan escrituras como propietarios iniciaron una proceso legal en su contra por el delito de despojo.<\/p>\n\n\n\n<p>De acuerdo con Ram\u00f3n Gonz\u00e1lez G\u00f3mez, secretario general de la CIOAC, los integrantes de esta organizaci\u00f3n habitan en el lugar desde el a\u00f1o 1976; sin embargo, recientemente la jueza de control, Norma Landa Villalba, dio una orden de desalojo con un plazo de diez d\u00edas que culmina este mi\u00e9rcoles 19 de abril.<\/p>\n\n\n\n<p>\u201cNosotros no nos vamos a salir, estamos dispuestos a luchar ah\u00ed hasta las \u00faltimas consecuencias\u201d, expres\u00f3.<\/p>\n\n\n\n<p>El entrevistado record\u00f3 que ocho integrantes de la agrupaci\u00f3n fueron vinculados a proceso por despojo, pero est\u00e1n en libertad.<\/p>\n\n\n\n<p>\u201cLa jueza de control Landa arroja un desalojo, muy ama\u00f1ado por cierto, porque no tard\u00f3 ni diez minutos en dar su veredicto, ya lo llevaba por escrito. Hay una orden de que tendr\u00edamos que entregar en diez d\u00edas y eso se cumplir\u00eda el d\u00eda de ma\u00f1ana, no estamos dispuestos a entregar ni un cent\u00edmetro de ah\u00ed\u201d, a\u00f1adi\u00f3.<\/p>\n\n\n\n<p>Los quejosos negaron haber ocasionado una deforestaci\u00f3n en la zona, situaci\u00f3n que han venido denunciando los leg\u00edtimos propietarios de los predios en la congregaci\u00f3n de Tapachapan, perteneciente al Pueblo M\u00e1gico.<\/p>\n\n\n\n<p>Un total de 150 personas habitan en el predio Jinicuil Manso, donde se han denunciado penalmente agresiones por parte de personas armadas que presuntamente forman parte de la CIOAC.<\/p>\n\n\n\n<figure class=\"wp-block-image size-large\"><img loading=\"lazy\" decoding=\"async\" width=\"1024\" height=\"768\" src=\"https:\/\/encuentroinformativo.com.mx\/wp-content\/uploads\/2022\/04\/13C3E967-CF66-405D-8B7C-C982F7FB29F7-1024x768.jpeg\" alt=\"\" class=\"wp-image-26081\" srcset=\"https:\/\/encuentroinformativo.com.mx\/wp-content\/uploads\/2022\/04\/13C3E967-CF66-405D-8B7C-C982F7FB29F7-1024x768.jpeg 1024w, https:\/\/encuentroinformativo.com.mx\/wp-content\/uploads\/2022\/04\/13C3E967-CF66-405D-8B7C-C982F7FB29F7-300x225.jpeg 300w, https:\/\/encuentroinformativo.com.mx\/wp-content\/uploads\/2022\/04\/13C3E967-CF66-405D-8B7C-C982F7FB29F7-768x576.jpeg 768w, https:\/\/encuentroinformativo.com.mx\/wp-content\/uploads\/2022\/04\/13C3E967-CF66-405D-8B7C-C982F7FB29F7-1536x1152.jpeg 1536w, https:\/\/encuentroinformativo.com.mx\/wp-content\/uploads\/2022\/04\/13C3E967-CF66-405D-8B7C-C982F7FB29F7.jpeg 2016w\" sizes=\"auto, (max-width: 1024px) 100vw, 1024px\" \/><\/figure>\n","protected":false},"excerpt":{"rendered":"<p>Juan Arcos Xalapa, Ver.- Integrantes de la Central Independiente de Obreros Agr\u00edcolas y Campesinos (CIOAC) protestaron frente a Palacio de Gobierno para anunciar que defender\u00e1n con la fuerza el predio Jinicuil Manso, mismo que mantienen invadido en la zona boscosa del municipio de Coatepec. Se trata de una zona de 2 mil hect\u00e1reas, que ellos [&hellip;]<\/p>\n","protected":false},"author":1,"featured_media":26080,"comment_status":"open","ping_status":"open","sticky":false,"template":"","format":"standard","meta":{"_jetpack_memberships_contains_paid_content":false,"footnotes":""},"categories":[8],"tags":[],"class_list":["post-26079","post","type-post","status-publish","format-standard","has-post-thumbnail","hentry","category-region"],"jetpack_featured_media_url":"https:\/\/encuentroinformativo.com.mx\/wp-content\/uploads\/2022\/04\/A959D1BC-E434-458F-8099-0EAC9300A37E.jpeg","jetpack_sharing_enabled":true,"jetpack_likes_enabled":true,"amp_enabled":true,"_links":{"self":[{"href":"https:\/\/encuentroinformativo.com.mx\/index.php?rest_route=\/wp\/v2\/posts\/26079","targetHints":{"allow":["GET"]}}],"collection":[{"href":"https:\/\/encuentroinformativo.com.mx\/index.php?rest_route=\/wp\/v2\/posts"}],"about":[{"href":"https:\/\/encuentroinformativo.com.mx\/index.php?rest_route=\/wp\/v2\/types\/post"}],"author":[{"embeddable":true,"href":"https:\/\/encuentroinformativo.com.mx\/index.php?rest_route=\/wp\/v2\/users\/1"}],"replies":[{"embeddable":true,"href":"https:\/\/encuentroinformativo.com.mx\/index.php?rest_route=%2Fwp%2Fv2%2Fcomments&post=26079"}],"version-history":[{"count":1,"href":"https:\/\/encuentroinformativo.com.mx\/index.php?rest_route=\/wp\/v2\/posts\/26079\/revisions"}],"predecessor-version":[{"id":26082,"href":"https:\/\/encuentroinformativo.com.mx\/index.php?rest_route=\/wp\/v2\/posts\/26079\/revisions\/26082"}],"wp:featuredmedia":[{"embeddable":true,"href":"https:\/\/encuentroinformativo.com.mx\/index.php?rest_route=\/wp\/v2\/media\/26080"}],"wp:attachment":[{"href":"https:\/\/encuentroinformativo.com.mx\/index.php?rest_route=%2Fwp%2Fv2%2Fmedia&parent=26079"}],"wp:term":[{"taxonomy":"category","embeddable":true,"href":"https:\/\/encuentroinformativo.com.mx\/index.php?rest_route=%2Fwp%2Fv2%2Fcategories&post=26079"},{"taxonomy":"post_tag","embeddable":true,"href":"https:\/\/encuentroinformativo.com.mx\/index.php?rest_route=%2Fwp%2Fv2%2Ftags&post=26079"}],"curies":[{"name":"wp","href":"https:\/\/api.w.org\/{rel}","templated":true}]}}