{"id":26087,"date":"2022-04-18T12:59:24","date_gmt":"2022-04-18T17:59:24","guid":{"rendered":"https:\/\/encuentroinformativo.com.mx\/?p=26087"},"modified":"2022-04-18T12:59:27","modified_gmt":"2022-04-18T17:59:27","slug":"anuncian-foros-sobre-modelo-linguistico-de-la-comunidad-sorda","status":"publish","type":"post","link":"https:\/\/encuentroinformativo.com.mx\/?p=26087","title":{"rendered":"Anuncian foros sobre modelo ling\u00fc\u00edstico de la comunidad sorda"},"content":{"rendered":"\n<p>Xalapa, Ver.- Waltraud Mart\u00ednez Olvera titular de la Oficina de Programa de Gobierno, inform\u00f3 que los d\u00edas 26 y 27 de mayo en el auditorio del Poder Judicial se realizar\u00e1 el primer foro &#8220;Di\u00e1logo e intercambio de experiencias sobre la introducci\u00f3n del Modelo Ling\u00fc\u00edstico Sordo en la Educaci\u00f3n&#8221;, dirigido a miembros de la comunidad sorda, acad\u00e9micos, activistas, estudiantes, docentes y autoridades de instituciones educativas.<\/p>\n","protected":false},"excerpt":{"rendered":"<p>Xalapa, Ver.- Waltraud Mart\u00ednez Olvera titular de la Oficina de Programa de Gobierno, inform\u00f3 que los d\u00edas 26 y 27 de mayo en el auditorio del Poder Judicial se realizar\u00e1 el primer foro &#8220;Di\u00e1logo e intercambio de experiencias sobre la introducci\u00f3n del Modelo Ling\u00fc\u00edstico Sordo en la Educaci\u00f3n&#8221;, dirigido a miembros de la comunidad sorda, [&hellip;]<\/p>\n","protected":false},"author":1,"featured_media":26088,"comment_status":"open","ping_status":"open","sticky":false,"template":"","format":"standard","meta":{"_jetpack_memberships_contains_paid_content":false,"footnotes":""},"categories":[3],"tags":[],"class_list":["post-26087","post","type-post","status-publish","format-standard","has-post-thumbnail","hentry","category-xalapa"],"jetpack_featured_media_url":"https:\/\/encuentroinformativo.com.mx\/wp-content\/uploads\/2022\/04\/462D0030-0E5F-4D98-9F5C-4D6B1D5464A1.jpeg","jetpack_sharing_enabled":true,"jetpack_likes_enabled":true,"amp_enabled":true,"_links":{"self":[{"href":"https:\/\/encuentroinformativo.com.mx\/index.php?rest_route=\/wp\/v2\/posts\/26087","targetHints":{"allow":["GET"]}}],"collection":[{"href":"https:\/\/encuentroinformativo.com.mx\/index.php?rest_route=\/wp\/v2\/posts"}],"about":[{"href":"https:\/\/encuentroinformativo.com.mx\/index.php?rest_route=\/wp\/v2\/types\/post"}],"author":[{"embeddable":true,"href":"https:\/\/encuentroinformativo.com.mx\/index.php?rest_route=\/wp\/v2\/users\/1"}],"replies":[{"embeddable":true,"href":"https:\/\/encuentroinformativo.com.mx\/index.php?rest_route=%2Fwp%2Fv2%2Fcomments&post=26087"}],"version-history":[{"count":1,"href":"https:\/\/encuentroinformativo.com.mx\/index.php?rest_route=\/wp\/v2\/posts\/26087\/revisions"}],"predecessor-version":[{"id":26089,"href":"https:\/\/encuentroinformativo.com.mx\/index.php?rest_route=\/wp\/v2\/posts\/26087\/revisions\/26089"}],"wp:featuredmedia":[{"embeddable":true,"href":"https:\/\/encuentroinformativo.com.mx\/index.php?rest_route=\/wp\/v2\/media\/26088"}],"wp:attachment":[{"href":"https:\/\/encuentroinformativo.com.mx\/index.php?rest_route=%2Fwp%2Fv2%2Fmedia&parent=26087"}],"wp:term":[{"taxonomy":"category","embeddable":true,"href":"https:\/\/encuentroinformativo.com.mx\/index.php?rest_route=%2Fwp%2Fv2%2Fcategories&post=26087"},{"taxonomy":"post_tag","embeddable":true,"href":"https:\/\/encuentroinformativo.com.mx\/index.php?rest_route=%2Fwp%2Fv2%2Ftags&post=26087"}],"curies":[{"name":"wp","href":"https:\/\/api.w.org\/{rel}","templated":true}]}}