{"id":26096,"date":"2022-04-18T14:05:18","date_gmt":"2022-04-18T19:05:18","guid":{"rendered":"https:\/\/encuentroinformativo.com.mx\/?p=26096"},"modified":"2022-04-18T14:05:21","modified_gmt":"2022-04-18T19:05:21","slug":"por-cobros-indebidos-destituyen-a-director-de-pc-en-soledad","status":"publish","type":"post","link":"https:\/\/encuentroinformativo.com.mx\/?p=26096","title":{"rendered":"Por cobros indebidos, destituyen a director de PC en Soledad"},"content":{"rendered":"\n<p><strong>Alejandro \u00c1vila<\/strong><\/p>\n\n\n\n<p>Veracruz, Ver.- Por denuncias de presuntos cobros en los traslados de ambulancia fue destituido el director de Protecci\u00f3n Civil, Samuel Garc\u00eda Sosa, del municipio de Soledad de Doblado, confirm\u00f3 la alcaldesa Arantxa Zamitiz Sosa.<\/p>\n\n\n\n<p>La edil neg\u00f3 que su lugar haya sido ocupado por su cu\u00f1ado, como se rumor\u00f3 en redes sociales, pues asegur\u00f3 el hermano de su esposo es odont\u00f3logo y tiene un consultorio en la ciudad de Veracruz.<\/p>\n\n\n\n<p>&#8220;Efectivamente, tuvimos que despedir al director de Protecci\u00f3n Civil hace unas semanas, por diversas quejas de la ciudadan\u00eda, como ustedes comentan, hubo por ah\u00ed algunas situaciones que no fueron correctas, estaba cobrando traslados, despedimos al director, con \u00e9l se fueron otras personas que no les parecieron los ajustes que hicimos y ni modo, nuestro equipo de protecci\u00f3n civil contin\u00faa. Eso que se comenta, mi cu\u00f1ado es dentista aqu\u00ed en Veracruz, por ah\u00ed les pas\u00f3 su n\u00famero por s\u00ed lo quieren visitar, no est\u00e1 en Soledad de Doblado&#8221;, apunt\u00f3.<\/p>\n\n\n\n<p>La morenista se\u00f1al\u00f3 qu\u00e9, los traslados de ambulancias son gratuitos; sin embargo, aparentemente, el ahora ex director de Protecci\u00f3n Civil, cobraba los viajes solicitaban los enfermos para llegar al Hospital Regional de Veracruz.<\/p>\n\n\n\n<p>Su lugar fue ocupado por Eduardo Arg\u00fcello, de qui\u00e9n aclar\u00f3, no es nacido en el municipio; sin embargo, cuenta con las credenciales para desempe\u00f1ar el cargo.<\/p>\n\n\n\n<p>Finalmente, Arantxa Zamitiz Sosa dijo que, tambi\u00e9n han prescindido de 4 elementos de la Polic\u00eda Municipal y agentes de tr\u00e1nsito, por encontrar irregularidades en labores.<\/p>\n","protected":false},"excerpt":{"rendered":"<p>Alejandro \u00c1vila Veracruz, Ver.- Por denuncias de presuntos cobros en los traslados de ambulancia fue destituido el director de Protecci\u00f3n Civil, Samuel Garc\u00eda Sosa, del municipio de Soledad de Doblado, confirm\u00f3 la alcaldesa Arantxa Zamitiz Sosa. La edil neg\u00f3 que su lugar haya sido ocupado por su cu\u00f1ado, como se rumor\u00f3 en redes sociales, pues [&hellip;]<\/p>\n","protected":false},"author":1,"featured_media":26097,"comment_status":"open","ping_status":"open","sticky":false,"template":"","format":"standard","meta":{"_jetpack_memberships_contains_paid_content":false,"footnotes":""},"categories":[2],"tags":[],"class_list":["post-26096","post","type-post","status-publish","format-standard","has-post-thumbnail","hentry","category-estado"],"jetpack_featured_media_url":"https:\/\/encuentroinformativo.com.mx\/wp-content\/uploads\/2022\/04\/51D1B8F6-1B18-4393-A2C8-A36F13D8B518.jpeg","jetpack_sharing_enabled":true,"jetpack_likes_enabled":true,"amp_enabled":true,"_links":{"self":[{"href":"https:\/\/encuentroinformativo.com.mx\/index.php?rest_route=\/wp\/v2\/posts\/26096","targetHints":{"allow":["GET"]}}],"collection":[{"href":"https:\/\/encuentroinformativo.com.mx\/index.php?rest_route=\/wp\/v2\/posts"}],"about":[{"href":"https:\/\/encuentroinformativo.com.mx\/index.php?rest_route=\/wp\/v2\/types\/post"}],"author":[{"embeddable":true,"href":"https:\/\/encuentroinformativo.com.mx\/index.php?rest_route=\/wp\/v2\/users\/1"}],"replies":[{"embeddable":true,"href":"https:\/\/encuentroinformativo.com.mx\/index.php?rest_route=%2Fwp%2Fv2%2Fcomments&post=26096"}],"version-history":[{"count":1,"href":"https:\/\/encuentroinformativo.com.mx\/index.php?rest_route=\/wp\/v2\/posts\/26096\/revisions"}],"predecessor-version":[{"id":26098,"href":"https:\/\/encuentroinformativo.com.mx\/index.php?rest_route=\/wp\/v2\/posts\/26096\/revisions\/26098"}],"wp:featuredmedia":[{"embeddable":true,"href":"https:\/\/encuentroinformativo.com.mx\/index.php?rest_route=\/wp\/v2\/media\/26097"}],"wp:attachment":[{"href":"https:\/\/encuentroinformativo.com.mx\/index.php?rest_route=%2Fwp%2Fv2%2Fmedia&parent=26096"}],"wp:term":[{"taxonomy":"category","embeddable":true,"href":"https:\/\/encuentroinformativo.com.mx\/index.php?rest_route=%2Fwp%2Fv2%2Fcategories&post=26096"},{"taxonomy":"post_tag","embeddable":true,"href":"https:\/\/encuentroinformativo.com.mx\/index.php?rest_route=%2Fwp%2Fv2%2Ftags&post=26096"}],"curies":[{"name":"wp","href":"https:\/\/api.w.org\/{rel}","templated":true}]}}