{"id":26102,"date":"2022-04-18T16:37:44","date_gmt":"2022-04-18T21:37:44","guid":{"rendered":"https:\/\/encuentroinformativo.com.mx\/?p=26102"},"modified":"2022-04-18T16:37:48","modified_gmt":"2022-04-18T21:37:48","slug":"reactivan-feria-de-la-candelaria-en-soledad-de-doblado","status":"publish","type":"post","link":"https:\/\/encuentroinformativo.com.mx\/?p=26102","title":{"rendered":"Reactivan Feria de la Candelaria en Soledad de Doblado"},"content":{"rendered":"\n<p><strong>Alejandro \u00c1vila<\/strong><\/p>\n\n\n\n<p>Veracruz, Ver.- Del 23 de abril al 1 de Mayo se llevar\u00e1 a cabo las fiestas en honor a la Virgen de la Candelaria en el municipio de Soledad de Doblado; festividad que tuvo que ser retrasada debido a la semaforizaci\u00f3n que manten\u00eda la Secretar\u00eda de Salud por la pandemia de COVID &#8211; 19.<\/p>\n\n\n\n<p>La alcaldesa Arantxa Zamitiz Sosa asegur\u00f3 que, tendr\u00e1n todas las medidas de seguridad para resguardar a los visitantes, as\u00ed como, a los ciudadanos y comerciantes de la zona.<\/p>\n\n\n\n<p>&#8220;Tenemos nostros en el municipio 16 elementos, pero adem\u00e1s se pidi\u00f3 refuerzo de Polic\u00eda Estatal y Guardia Nacional, entonces esperamos que est\u00e9 completamente blindada&#8221;, mencion\u00f3.<\/p>\n\n\n\n<p>El primer evento a realizarse ser\u00e1 la Cabalgata, con m\u00e1s de 3 mil jinetes provenientes de varios puntos de la entidad veracruzana.<\/p>\n\n\n\n<p>Entre los artistas que se presentar\u00e1n en el Teatro del Pueblo, conciertos totalmente gratuitos estar\u00e1n: Los Cadetes de Linares, Banda Tierra Sagrada, Los Caracoles, Estrellas de Niche, La Sonora Dinamita, Los Wapayasos, La Dinast\u00eda y El Jarocho Show.<\/p>\n\n\n\n<p>Debido a los tiempos y el retraso por la pandemia, durante las fiestas de la Candelaria, se incluir\u00e1 la Exposici\u00f3n Pecuaria Ganadera Municipal.<\/p>\n","protected":false},"excerpt":{"rendered":"<p>Alejandro \u00c1vila Veracruz, Ver.- Del 23 de abril al 1 de Mayo se llevar\u00e1 a cabo las fiestas en honor a la Virgen de la Candelaria en el municipio de Soledad de Doblado; festividad que tuvo que ser retrasada debido a la semaforizaci\u00f3n que manten\u00eda la Secretar\u00eda de Salud por la pandemia de COVID &#8211; [&hellip;]<\/p>\n","protected":false},"author":1,"featured_media":26103,"comment_status":"open","ping_status":"open","sticky":false,"template":"","format":"standard","meta":{"_jetpack_memberships_contains_paid_content":false,"footnotes":""},"categories":[2],"tags":[],"class_list":["post-26102","post","type-post","status-publish","format-standard","has-post-thumbnail","hentry","category-estado"],"jetpack_featured_media_url":"https:\/\/encuentroinformativo.com.mx\/wp-content\/uploads\/2022\/04\/951A2C30-C97D-4337-9E99-8145FE5BC83D.jpeg","jetpack_sharing_enabled":true,"jetpack_likes_enabled":true,"amp_enabled":true,"_links":{"self":[{"href":"https:\/\/encuentroinformativo.com.mx\/index.php?rest_route=\/wp\/v2\/posts\/26102","targetHints":{"allow":["GET"]}}],"collection":[{"href":"https:\/\/encuentroinformativo.com.mx\/index.php?rest_route=\/wp\/v2\/posts"}],"about":[{"href":"https:\/\/encuentroinformativo.com.mx\/index.php?rest_route=\/wp\/v2\/types\/post"}],"author":[{"embeddable":true,"href":"https:\/\/encuentroinformativo.com.mx\/index.php?rest_route=\/wp\/v2\/users\/1"}],"replies":[{"embeddable":true,"href":"https:\/\/encuentroinformativo.com.mx\/index.php?rest_route=%2Fwp%2Fv2%2Fcomments&post=26102"}],"version-history":[{"count":1,"href":"https:\/\/encuentroinformativo.com.mx\/index.php?rest_route=\/wp\/v2\/posts\/26102\/revisions"}],"predecessor-version":[{"id":26104,"href":"https:\/\/encuentroinformativo.com.mx\/index.php?rest_route=\/wp\/v2\/posts\/26102\/revisions\/26104"}],"wp:featuredmedia":[{"embeddable":true,"href":"https:\/\/encuentroinformativo.com.mx\/index.php?rest_route=\/wp\/v2\/media\/26103"}],"wp:attachment":[{"href":"https:\/\/encuentroinformativo.com.mx\/index.php?rest_route=%2Fwp%2Fv2%2Fmedia&parent=26102"}],"wp:term":[{"taxonomy":"category","embeddable":true,"href":"https:\/\/encuentroinformativo.com.mx\/index.php?rest_route=%2Fwp%2Fv2%2Fcategories&post=26102"},{"taxonomy":"post_tag","embeddable":true,"href":"https:\/\/encuentroinformativo.com.mx\/index.php?rest_route=%2Fwp%2Fv2%2Ftags&post=26102"}],"curies":[{"name":"wp","href":"https:\/\/api.w.org\/{rel}","templated":true}]}}